{"id":17164,"date":"2025-11-13T03:37:06","date_gmt":"2025-11-13T03:37:06","guid":{"rendered":"https:\/\/infozamoraec.com\/?p=17164"},"modified":"2025-11-13T03:37:06","modified_gmt":"2025-11-13T03:37:06","slug":"casi-40-personas-mueren-en-accidente-de-autobus-en-peru","status":"publish","type":"post","link":"https:\/\/infozamoraec.com\/index.php\/2025\/11\/13\/casi-40-personas-mueren-en-accidente-de-autobus-en-peru\/","title":{"rendered":"Casi 40 personas mueren en accidente de autob\u00fas en Per\u00fa"},"content":{"rendered":"<p>Al menos 37 personas murieron y otras 24 resultaron heridas este mi\u00e9rcoles (12.11.2025) cuando un autob\u00fas cay\u00f3 por un precipicio tras chocar con una camioneta en Arequipa, en el sur de Per\u00fa.<\/p>\n<p>El veh\u00edculo de pasajeros hab\u00eda partido la noche del martes de la localidad de Chala, en provincia de Caravel\u00ed, y rod\u00f3 por una zona \u00e1rida hasta quedar a orillas de un r\u00edo, seg\u00fan im\u00e1genes de Panamericana de Televisi\u00f3n.<\/p>\n<p>La fiscal\u00eda de Arequipa se\u00f1al\u00f3 en un comunicado que el conductor de la camioneta sobrevivi\u00f3 y \u00abse encuentra detenido\u00bb.<\/p>\n<p>El siniestro ocurri\u00f3 de madrugada y es uno de los peores de los \u00faltimos a\u00f1os en el pa\u00eds, donde son frecuentes los accidentes en las carreteras.<\/p>\n<p>El gerente regional de Salud de Arequipa, Walther Oporto, dijo a la agencia de noticias AFP que la cifra de muertos puede aumentar debido a que hay heridos graves.<\/p>\n<p>La gran cantidad de accidentes en Per\u00fa se asocia principalmente al exceso de velocidad y la embriaguez, entre otras imprudencias, adem\u00e1s de la exigente topograf\u00eda del pa\u00eds.<\/p>\n<p>rr afp\/efe<\/p>\n","protected":false},"excerpt":{"rendered":"<p>Al menos 37 personas murieron y otras 24 resultaron heridas este mi\u00e9rcoles (12.11.2025) cuando un autob\u00fas cay\u00f3 por un precipicio tras chocar con una camioneta en Arequipa, en el sur de Per\u00fa. El veh\u00edculo de pasajeros hab\u00eda partido la noche del martes de la localidad de Chala, en provincia de Caravel\u00ed, y rod\u00f3 por una [&hellip;]<\/p>\n","protected":false},"author":1,"featured_media":17165,"comment_status":"open","ping_status":"open","sticky":false,"template":"","format":"standard","meta":{"footnotes":""},"categories":[8],"tags":[],"_links":{"self":[{"href":"https:\/\/infozamoraec.com\/index.php\/wp-json\/wp\/v2\/posts\/17164"}],"collection":[{"href":"https:\/\/infozamoraec.com\/index.php\/wp-json\/wp\/v2\/posts"}],"about":[{"href":"https:\/\/infozamoraec.com\/index.php\/wp-json\/wp\/v2\/types\/post"}],"author":[{"embeddable":true,"href":"https:\/\/infozamoraec.com\/index.php\/wp-json\/wp\/v2\/users\/1"}],"replies":[{"embeddable":true,"href":"https:\/\/infozamoraec.com\/index.php\/wp-json\/wp\/v2\/comments?post=17164"}],"version-history":[{"count":1,"href":"https:\/\/infozamoraec.com\/index.php\/wp-json\/wp\/v2\/posts\/17164\/revisions"}],"predecessor-version":[{"id":17166,"href":"https:\/\/infozamoraec.com\/index.php\/wp-json\/wp\/v2\/posts\/17164\/revisions\/17166"}],"wp:featuredmedia":[{"embeddable":true,"href":"https:\/\/infozamoraec.com\/index.php\/wp-json\/wp\/v2\/media\/17165"}],"wp:attachment":[{"href":"https:\/\/infozamoraec.com\/index.php\/wp-json\/wp\/v2\/media?parent=17164"}],"wp:term":[{"taxonomy":"category","embeddable":true,"href":"https:\/\/infozamoraec.com\/index.php\/wp-json\/wp\/v2\/categories?post=17164"},{"taxonomy":"post_tag","embeddable":true,"href":"https:\/\/infozamoraec.com\/index.php\/wp-json\/wp\/v2\/tags?post=17164"}],"curies":[{"name":"wp","href":"https:\/\/api.w.org\/{rel}","templated":true}]}}