{"id":17151,"date":"2025-11-13T03:27:43","date_gmt":"2025-11-13T03:27:43","guid":{"rendered":"https:\/\/infozamoraec.com\/?p=17151"},"modified":"2025-11-13T03:27:43","modified_gmt":"2025-11-13T03:27:43","slug":"lucas-campana-fue-localizado-con-vida-por-las-autoridades-este-12-de-noviembre","status":"publish","type":"post","link":"https:\/\/infozamoraec.com\/index.php\/2025\/11\/13\/lucas-campana-fue-localizado-con-vida-por-las-autoridades-este-12-de-noviembre\/","title":{"rendered":"Lucas Campa\u00f1a fue localizado con vida por las autoridades, este 12 de noviembre"},"content":{"rendered":"<p>Los equipos de rescate del Cuerpo Bomberos de Chunchi y otras entidades rescataron la tarde de hoy, aproximadamente a las 15:30, al ni\u00f1o Lucas Campa\u00f1a, de 11 a\u00f1os, quien se extravi\u00f3 en el cerro Pu\u00f1ay (Chimborazo), el pasado domingo 9 de noviembre.<\/p>\n<p>Lo confirm\u00f3 a Ecuavisa.com el comandante del Cuerpo de Bomberos de Chunchi, Germ\u00e1n Naranjo. Lo encontraron en la comunidad de Santa Martha, desmayado y tendido sobre el piso con hipotermia y deshidratado. Al parecer, el chico se encontraba sin signos vitales, indic\u00f3 el oficial, pero lograron estabilizarlo para luego trasladarlo a un centro asistencial. Ahora se encuentra estable de salud.<\/p>\n<p>Lo atendi\u00f3 un param\u00e9dico de los Bomberos de Chunchi que lo restableci\u00f3. Debido a lo agreste de la zona en donde fue localizado, se requerir\u00e1 de al menos dos horas de traslado para llevarlo al hospital de ese cant\u00f3n.<\/p>\n<p>En el operativo para localizarlo tambi\u00e9n intervinieron los cuerpos de Bomberos de Alaus\u00ed y Riobamba, Fuerzas Armadas, el Grupo de Operaciones Especiales de la Polic\u00eda (GOE), Dinased y personal de la Secretar\u00eda de Gesti\u00f3n de Riesgos.<\/p>\n<p>El pasado domingo, Lucas sali\u00f3 de excursi\u00f3n con sus familiares al cerro Pu\u00f1ay. Su madre cont\u00f3 a medios locales que cuando decidieron subir nuevamente para tomar fotos, el chico desapareci\u00f3.<\/p>\n<p>\u00abCuando nosotros ya nos dimos vuelta, ya no estaba mi beb\u00e9. Yo pens\u00e9 que se adelant\u00f3, la hermana grande tambi\u00e9n pens\u00f3 que se adelant\u00f3, bajamos corriendo\u00bb, dijo la madre de Lucas.<\/p>\n<p>La mujer cont\u00f3 que buscaron por la zona alta, pero no encontraron rastro. Luego dieron aviso a las autoridades y los Bomberos de Riobamba aportaron en la b\u00fasqueda hasta las 23:00, sin \u00e9xito.<\/p>\n<p>&nbsp;<\/p>\n","protected":false},"excerpt":{"rendered":"<p>Los equipos de rescate del Cuerpo Bomberos de Chunchi y otras entidades rescataron la tarde de hoy, aproximadamente a las 15:30, al ni\u00f1o Lucas Campa\u00f1a, de 11 a\u00f1os, quien se extravi\u00f3 en el cerro Pu\u00f1ay (Chimborazo), el pasado domingo 9 de noviembre. Lo confirm\u00f3 a Ecuavisa.com el comandante del Cuerpo de Bomberos de Chunchi, Germ\u00e1n [&hellip;]<\/p>\n","protected":false},"author":1,"featured_media":17152,"comment_status":"open","ping_status":"open","sticky":false,"template":"","format":"standard","meta":{"footnotes":""},"categories":[12],"tags":[],"_links":{"self":[{"href":"https:\/\/infozamoraec.com\/index.php\/wp-json\/wp\/v2\/posts\/17151"}],"collection":[{"href":"https:\/\/infozamoraec.com\/index.php\/wp-json\/wp\/v2\/posts"}],"about":[{"href":"https:\/\/infozamoraec.com\/index.php\/wp-json\/wp\/v2\/types\/post"}],"author":[{"embeddable":true,"href":"https:\/\/infozamoraec.com\/index.php\/wp-json\/wp\/v2\/users\/1"}],"replies":[{"embeddable":true,"href":"https:\/\/infozamoraec.com\/index.php\/wp-json\/wp\/v2\/comments?post=17151"}],"version-history":[{"count":1,"href":"https:\/\/infozamoraec.com\/index.php\/wp-json\/wp\/v2\/posts\/17151\/revisions"}],"predecessor-version":[{"id":17153,"href":"https:\/\/infozamoraec.com\/index.php\/wp-json\/wp\/v2\/posts\/17151\/revisions\/17153"}],"wp:featuredmedia":[{"embeddable":true,"href":"https:\/\/infozamoraec.com\/index.php\/wp-json\/wp\/v2\/media\/17152"}],"wp:attachment":[{"href":"https:\/\/infozamoraec.com\/index.php\/wp-json\/wp\/v2\/media?parent=17151"}],"wp:term":[{"taxonomy":"category","embeddable":true,"href":"https:\/\/infozamoraec.com\/index.php\/wp-json\/wp\/v2\/categories?post=17151"},{"taxonomy":"post_tag","embeddable":true,"href":"https:\/\/infozamoraec.com\/index.php\/wp-json\/wp\/v2\/tags?post=17151"}],"curies":[{"name":"wp","href":"https:\/\/api.w.org\/{rel}","templated":true}]}}