{"id":17148,"date":"2025-11-13T03:25:52","date_gmt":"2025-11-13T03:25:52","guid":{"rendered":"https:\/\/infozamoraec.com\/?p=17148"},"modified":"2025-11-13T03:25:52","modified_gmt":"2025-11-13T03:25:52","slug":"maria-jose-pinto-se-estrena-como-presidente-y-firma-su-primer-decreto","status":"publish","type":"post","link":"https:\/\/infozamoraec.com\/index.php\/2025\/11\/13\/maria-jose-pinto-se-estrena-como-presidente-y-firma-su-primer-decreto\/","title":{"rendered":"Mar\u00eda Jos\u00e9 Pinto se estrena como presidente y firma su primer decreto"},"content":{"rendered":"<p>Mientras Daniel Noboa est\u00e1 en campa\u00f1a por el S\u00cd en el referend\u00fam, su puesto es sustu\u00eddo por Mar\u00eda Jos\u00e9 Pinto quien es presidente de Ecuador durante la licencia de Noboa. Tanto as\u00ed que Pinto ya firm\u00f3 su primer decreto ejecutivo de car\u00e1cter presidencial.<\/p>\n<p>Pinto, como presidente encargado, firm\u00f3 el Decreto 209 con el que aumenta en tres centavos el margen que cobran las estaciones de servicio para la comercializaci\u00f3n de gasolinas Extra y Ecopa\u00eds. El margen de comercializaci\u00f3n de esas dos gasolinas sube de USD 0,16 centavos a USD 0,19 por gal\u00f3n desde las 00 del 12 de noviembre de 2025, reza el comunicado firmado por Pinto.<\/p>\n<p>Por su parte, Ivo Rosero, presidente de la C\u00e1mara Nacional de Distribuidores de Derivados del Petr\u00f3leo (Camddepe), calific\u00f3 como positiva la noticia, porque se da luego de 23 a\u00f1os en los que el margen de comercializaci\u00f3n estuvo congelado.<\/p>\n<p>Rosero dice que este mes no se sentir\u00e1 el aumento en el margen de comercializaci\u00f3n porque se prev\u00e9 una ca\u00edda en el precio de las gasolinas Extra y Ecopa\u00eds, por la baja del precio internacional del petr\u00f3leo, y cambios al costo de transporte y operaci\u00f3n de los derivados.<\/p>\n<p>As\u00ed, el Ministerio de Energ\u00eda inform\u00f3 que el precio de la gasolina Extra y Ecopa\u00eds bajar\u00e1 de precio en siete centavos para el mes de noviembre de 2025. Atribuy\u00f3 esa baja a decisiones del Gobierno para ajustar el margen de comercializaci\u00f3n y, paralelamente, disminuir permanentemente la variable del costo de transporte y operaci\u00f3n.<\/p>\n<p>\u00abDe esta manera se garantiza un precio justo en toda la cadena de abastecimiento\u00bb, indic\u00f3 la cartera de Energ\u00eda. (I)<\/p>\n","protected":false},"excerpt":{"rendered":"<p>Mientras Daniel Noboa est\u00e1 en campa\u00f1a por el S\u00cd en el referend\u00fam, su puesto es sustu\u00eddo por Mar\u00eda Jos\u00e9 Pinto quien es presidente de Ecuador durante la licencia de Noboa. Tanto as\u00ed que Pinto ya firm\u00f3 su primer decreto ejecutivo de car\u00e1cter presidencial. Pinto, como presidente encargado, firm\u00f3 el Decreto 209 con el que aumenta [&hellip;]<\/p>\n","protected":false},"author":1,"featured_media":17149,"comment_status":"open","ping_status":"open","sticky":false,"template":"","format":"standard","meta":{"footnotes":""},"categories":[12],"tags":[],"_links":{"self":[{"href":"https:\/\/infozamoraec.com\/index.php\/wp-json\/wp\/v2\/posts\/17148"}],"collection":[{"href":"https:\/\/infozamoraec.com\/index.php\/wp-json\/wp\/v2\/posts"}],"about":[{"href":"https:\/\/infozamoraec.com\/index.php\/wp-json\/wp\/v2\/types\/post"}],"author":[{"embeddable":true,"href":"https:\/\/infozamoraec.com\/index.php\/wp-json\/wp\/v2\/users\/1"}],"replies":[{"embeddable":true,"href":"https:\/\/infozamoraec.com\/index.php\/wp-json\/wp\/v2\/comments?post=17148"}],"version-history":[{"count":1,"href":"https:\/\/infozamoraec.com\/index.php\/wp-json\/wp\/v2\/posts\/17148\/revisions"}],"predecessor-version":[{"id":17150,"href":"https:\/\/infozamoraec.com\/index.php\/wp-json\/wp\/v2\/posts\/17148\/revisions\/17150"}],"wp:featuredmedia":[{"embeddable":true,"href":"https:\/\/infozamoraec.com\/index.php\/wp-json\/wp\/v2\/media\/17149"}],"wp:attachment":[{"href":"https:\/\/infozamoraec.com\/index.php\/wp-json\/wp\/v2\/media?parent=17148"}],"wp:term":[{"taxonomy":"category","embeddable":true,"href":"https:\/\/infozamoraec.com\/index.php\/wp-json\/wp\/v2\/categories?post=17148"},{"taxonomy":"post_tag","embeddable":true,"href":"https:\/\/infozamoraec.com\/index.php\/wp-json\/wp\/v2\/tags?post=17148"}],"curies":[{"name":"wp","href":"https:\/\/api.w.org\/{rel}","templated":true}]}}