{"id":17145,"date":"2025-11-13T03:23:13","date_gmt":"2025-11-13T03:23:13","guid":{"rendered":"https:\/\/infozamoraec.com\/?p=17145"},"modified":"2025-11-13T03:23:13","modified_gmt":"2025-11-13T03:23:13","slug":"mano-dura-no-frenara-violencia-en-ecuador-sin-atacar-sus-causas-alerta-crisis-group","status":"publish","type":"post","link":"https:\/\/infozamoraec.com\/index.php\/2025\/11\/13\/mano-dura-no-frenara-violencia-en-ecuador-sin-atacar-sus-causas-alerta-crisis-group\/","title":{"rendered":"\u00abMano dura\u00bb no frenar\u00e1 violencia en Ecuador sin atacar sus causas, alerta Crisis Group"},"content":{"rendered":"<p>La pol\u00edtica de \u00abmano dura\u00bb impulsada por el presidente Daniel Noboa en Ecuador ser\u00e1 insuficiente para reducir el nivel de violencia sin precedentes que vive el pa\u00eds andino si no se atacan las causas sociales estructurales y no se combate la corrupci\u00f3n, advierte un informe de la organizaci\u00f3n International Crisis Group (ICG) difundido este mi\u00e9rcoles.<\/p>\n<p>El estudio, denominado \u2018\u00bfUn para\u00edso perdido? La lucha de Ecuador contra el crimen organizado\u2019, se\u00f1ala que el pa\u00eds fue durante d\u00e9cadas \u00abun oasis de calma mientras sus vecinos suramericanos (Per\u00fa y Colombia) se sum\u00edan en conflictos y delitos relacionados con el narcotr\u00e1fico\u00bb.<\/p>\n<p>Sin embargo, se transform\u00f3 en \u00abuna plataforma de exportaci\u00f3n\u00bb de droga, pues desde sus puertos sale gran cantidad, especialmente de coca\u00edna, hacia Europa y Estados Unidos.<\/p>\n<p>A ello se sum\u00f3 desde 2020 la fragmentaci\u00f3n de Los Choneros, la banda criminal que ten\u00eda pr\u00e1cticamente el monopolio de la actividades il\u00edcitas, y la aparici\u00f3n de \u00abdocenas de bandas m\u00e1s peque\u00f1as, muchas de ellas arraigadas en barrios pobres\u00bb que empezaron a competir por \u00abdominar los mercados locales del narcotr\u00e1fico y las redes de extorsi\u00f3n\u00bb, lo que lo convirti\u00f3 en el pa\u00eds m\u00e1s violento de la regi\u00f3n.<\/p>\n<p>\u00ab\u00c9xito fugaz\u00bb de la militarizaci\u00f3n<br \/>\nEl nivel de violencia llev\u00f3 al presidente Daniel Noboa a declarar en 2024 al pa\u00eds bajo \u00abconflicto armado interno\u00bb y a implementar una estrategia de \u00abmano dura\u00bb contra el crimen organizado que, aunque al principio logr\u00f3 una reducci\u00f3n de los homicidios, tuvo un \u00ab\u00e9xito fugaz\u00bb, ya que estos cr\u00edmenes se dispararon en el primer semestre de 2025, que se convirti\u00f3 en el m\u00e1s violento de la historia al registrar 4.619 asesinatos.<\/p>\n<p>\u00abEsto muestra que, si bien las operaciones militares env\u00edan un mensaje contundente, por s\u00ed solas rara vez logran desmantelar los mercados del narcotr\u00e1fico y reducir la violencia\u00bb, se\u00f1al\u00f3 la analista de Crisis Group para los Andes del Sur, Glaeldys Gonz\u00e1lez.<\/p>\n<p>La experta indic\u00f3 que Ecuador se enfrenta \u00aba los mismos dilemas\u00bb que han tenido otros pa\u00edses de la regi\u00f3n. \u00abAnte la presi\u00f3n de las fuerzas de seguridad, los grupos criminales suelen adaptarse r\u00e1pidamente. Se desplazan a nuevos territorios y buscan afianzar su control sobre comunidades vulnerables\u00bb, apunta el documento.<\/p>\n<p>Recalibrar la estrategia<br \/>\nCrisis Group se\u00f1al\u00f3 como ejemplo del \u00abgrado de negligencia del Estado\u00bb en este \u00e1mbito al municipio de Dur\u00e1n, parte del \u00e1rea metropolitana de Guayaquil y considerado el m\u00e1s violento del pa\u00eds.<\/p>\n<p>Su alcalde huy\u00f3 del pa\u00eds despu\u00e9s de sobrevivir en 2023 a un atentado armado; las calles siguen sin pavimentar y m\u00e1s de la mitad de las viviendas carecen de acceso a un sistema de alcantarillado; y las intervenciones policiales y militares se realizan de manera \u00abespor\u00e1dica\u00bb, lo que ha permitido que \u00ablos delincuentes controlen la ciudad\u00bb.<\/p>\n<p>Seg\u00fan Gonz\u00e1lez, aunque todo indica que el uso de la fuerza militar seguir\u00e1 siendo popular, el Gobierno deber\u00e1 \u00abrecalibrar su estrategia\u00bb para centrarse en las causas de la violencia y avanzar hacia soluciones duraderas.<\/p>\n<p>Esto consiste en que se implementen \u00abredes de protecci\u00f3n social mucho m\u00e1s s\u00f3lidas\u00bb, especialmente para los j\u00f3venes que corren el riesgo de verse arrastrados al crimen organizado; y que haya una postura m\u00e1s firme contra la corrupci\u00f3n en los puertos y las instituciones.<\/p>\n<p>En el caso de las c\u00e1rceles, donde m\u00e1s de 600 presos han sido asesinados desde 2021, el informe recomienda una reforma con \u00abprogramas de rehabilitaci\u00f3n eficaces\u00bb para que dejen de ser \u00abfocos de la delincuencia\u00bb. EFE<\/p>\n","protected":false},"excerpt":{"rendered":"<p>La pol\u00edtica de \u00abmano dura\u00bb impulsada por el presidente Daniel Noboa en Ecuador ser\u00e1 insuficiente para reducir el nivel de violencia sin precedentes que vive el pa\u00eds andino si no se atacan las causas sociales estructurales y no se combate la corrupci\u00f3n, advierte un informe de la organizaci\u00f3n International Crisis Group (ICG) difundido este mi\u00e9rcoles. [&hellip;]<\/p>\n","protected":false},"author":1,"featured_media":17146,"comment_status":"open","ping_status":"open","sticky":false,"template":"","format":"standard","meta":{"footnotes":""},"categories":[12],"tags":[],"_links":{"self":[{"href":"https:\/\/infozamoraec.com\/index.php\/wp-json\/wp\/v2\/posts\/17145"}],"collection":[{"href":"https:\/\/infozamoraec.com\/index.php\/wp-json\/wp\/v2\/posts"}],"about":[{"href":"https:\/\/infozamoraec.com\/index.php\/wp-json\/wp\/v2\/types\/post"}],"author":[{"embeddable":true,"href":"https:\/\/infozamoraec.com\/index.php\/wp-json\/wp\/v2\/users\/1"}],"replies":[{"embeddable":true,"href":"https:\/\/infozamoraec.com\/index.php\/wp-json\/wp\/v2\/comments?post=17145"}],"version-history":[{"count":1,"href":"https:\/\/infozamoraec.com\/index.php\/wp-json\/wp\/v2\/posts\/17145\/revisions"}],"predecessor-version":[{"id":17147,"href":"https:\/\/infozamoraec.com\/index.php\/wp-json\/wp\/v2\/posts\/17145\/revisions\/17147"}],"wp:featuredmedia":[{"embeddable":true,"href":"https:\/\/infozamoraec.com\/index.php\/wp-json\/wp\/v2\/media\/17146"}],"wp:attachment":[{"href":"https:\/\/infozamoraec.com\/index.php\/wp-json\/wp\/v2\/media?parent=17145"}],"wp:term":[{"taxonomy":"category","embeddable":true,"href":"https:\/\/infozamoraec.com\/index.php\/wp-json\/wp\/v2\/categories?post=17145"},{"taxonomy":"post_tag","embeddable":true,"href":"https:\/\/infozamoraec.com\/index.php\/wp-json\/wp\/v2\/tags?post=17145"}],"curies":[{"name":"wp","href":"https:\/\/api.w.org\/{rel}","templated":true}]}}