{"id":17119,"date":"2025-11-12T02:13:29","date_gmt":"2025-11-12T02:13:29","guid":{"rendered":"https:\/\/infozamoraec.com\/?p=17119"},"modified":"2025-11-12T02:13:29","modified_gmt":"2025-11-12T02:13:29","slug":"indigenas-se-enfrentan-a-seguridad-de-la-cop30-en-brasil","status":"publish","type":"post","link":"https:\/\/infozamoraec.com\/index.php\/2025\/11\/12\/indigenas-se-enfrentan-a-seguridad-de-la-cop30-en-brasil\/","title":{"rendered":"Ind\u00edgenas se enfrentan a seguridad de la COP30 en Brasil"},"content":{"rendered":"<p>Varias decenas de manifestantes ind\u00edgenas se enfrentaron este martes (11.11.2025) a agentes de seguridad de la COP30 en Bel\u00e9m al tratar de ingresar al interior del centro de conferencias, un incidente inhabitual en este evento de la ONU, constataron periodistas de AFP.<\/p>\n<p>Los ind\u00edgenas se manifestaban bailando frente al edificio antes de ingresar, pero agentes de seguridad los empujaron hacia afuera.<\/p>\n<p>Los agentes colocaron sillas y mesas en la entrada para impedir de nuevo su ingreso. Un periodista de AFP vio a un polic\u00eda evacuado en una silla de ruedas.<\/p>\n<p>\u00abEstas voces son ignoradas\u00bb<br \/>\nLa seguridad de la COP est\u00e1 resguardada por la ONU en el interior del recinto, y por las autoridades locales brasile\u00f1as en el exterior.<\/p>\n<p>Maria Clara, una manifestante de la asociaci\u00f3n Rede Sustentabilidade de Bah\u00eda, explic\u00f3 a la AFP que la protesta ten\u00eda como objetivo alertar sobre la situaci\u00f3n de los \u00abpueblos ind\u00edgenas\u00bb. \u00abEstas voces son ignoradas\u00bb, dijo.<\/p>\n<p>La COP30 sobre cambio clim\u00e1tico se celebra en esta ciudad amaz\u00f3nica del norte de Brasil entre el 10 y el 21 de noviembre.<\/p>\n<p>mg (afp, efe)<\/p>\n<p>&nbsp;<\/p>\n","protected":false},"excerpt":{"rendered":"<p>Varias decenas de manifestantes ind\u00edgenas se enfrentaron este martes (11.11.2025) a agentes de seguridad de la COP30 en Bel\u00e9m al tratar de ingresar al interior del centro de conferencias, un incidente inhabitual en este evento de la ONU, constataron periodistas de AFP. Los ind\u00edgenas se manifestaban bailando frente al edificio antes de ingresar, pero agentes [&hellip;]<\/p>\n","protected":false},"author":1,"featured_media":17120,"comment_status":"open","ping_status":"open","sticky":false,"template":"","format":"standard","meta":{"footnotes":""},"categories":[8],"tags":[],"_links":{"self":[{"href":"https:\/\/infozamoraec.com\/index.php\/wp-json\/wp\/v2\/posts\/17119"}],"collection":[{"href":"https:\/\/infozamoraec.com\/index.php\/wp-json\/wp\/v2\/posts"}],"about":[{"href":"https:\/\/infozamoraec.com\/index.php\/wp-json\/wp\/v2\/types\/post"}],"author":[{"embeddable":true,"href":"https:\/\/infozamoraec.com\/index.php\/wp-json\/wp\/v2\/users\/1"}],"replies":[{"embeddable":true,"href":"https:\/\/infozamoraec.com\/index.php\/wp-json\/wp\/v2\/comments?post=17119"}],"version-history":[{"count":1,"href":"https:\/\/infozamoraec.com\/index.php\/wp-json\/wp\/v2\/posts\/17119\/revisions"}],"predecessor-version":[{"id":17121,"href":"https:\/\/infozamoraec.com\/index.php\/wp-json\/wp\/v2\/posts\/17119\/revisions\/17121"}],"wp:featuredmedia":[{"embeddable":true,"href":"https:\/\/infozamoraec.com\/index.php\/wp-json\/wp\/v2\/media\/17120"}],"wp:attachment":[{"href":"https:\/\/infozamoraec.com\/index.php\/wp-json\/wp\/v2\/media?parent=17119"}],"wp:term":[{"taxonomy":"category","embeddable":true,"href":"https:\/\/infozamoraec.com\/index.php\/wp-json\/wp\/v2\/categories?post=17119"},{"taxonomy":"post_tag","embeddable":true,"href":"https:\/\/infozamoraec.com\/index.php\/wp-json\/wp\/v2\/tags?post=17119"}],"curies":[{"name":"wp","href":"https:\/\/api.w.org\/{rel}","templated":true}]}}