{"id":17116,"date":"2025-11-12T02:11:35","date_gmt":"2025-11-12T02:11:35","guid":{"rendered":"https:\/\/infozamoraec.com\/?p=17116"},"modified":"2025-11-12T02:11:35","modified_gmt":"2025-11-12T02:11:35","slug":"bombardeo-a-disidencias-de-las-farc-deja-19-armados-muertos","status":"publish","type":"post","link":"https:\/\/infozamoraec.com\/index.php\/2025\/11\/12\/bombardeo-a-disidencias-de-las-farc-deja-19-armados-muertos\/","title":{"rendered":"Bombardeo a disidencias de las FARC deja 19 armados muertos"},"content":{"rendered":"<p>Al menos 19 presuntos armados de las disidencias de las antiguas FARC murieron en un bombardeo a\u00e9reo de las Fuerzas Militares de Colombia en una zona selv\u00e1tica del departamento del Guaviare, informaron este martes (11.11.2025) fuentes castrenses.<\/p>\n<p>La ofensiva, que se desarroll\u00f3 en el caser\u00edo Itilla, en el municipio de Calamar, dej\u00f3 adem\u00e1s un capturado herido al que se le brindaron primeros auxilios, dos sometidos a la Justicia y tres menores recuperados, seg\u00fan el balance entregado por el comandante de las Fuerzas Militares, el almirante Francisco Cubides, en una rueda de prensa.<\/p>\n<p>\u00abEstamos afectando el mando y control de ese grupo armado\u00bb, asegur\u00f3 Cubides, quien explic\u00f3 que la operaci\u00f3n contin\u00faa activa en la selva del Guaviare, una de las regiones con mayor presencia del autodenominado Estado Mayor Central (EMC), principal disidencia de las FARC que se apart\u00f3 del acuerdo de paz de 2016 y actualmente tiene presencia en otras regiones del pa\u00eds como Caquet\u00e1, Meta y Putumayo.<\/p>\n<p>La ofensiva hace parte de la Operaci\u00f3n Oriel, una acci\u00f3n interinstitucional que se desarrolla desde hace varios meses en el departamento del Guaviare contra varias organizaciones integradas en el EMC, bajo el mando de alias Iv\u00e1n Mordisco.<\/p>\n<p>\u00abEn esa zona se encontraban alrededor de 120 individuos delinquiendo, buscando confrontarse con otros grupos armados organizados de alias Calarc\u00e1\u00bb, l\u00edder del Estado Mayor de Bloques y Frentes (EMBF), disidencia de las FARC escindida y en guerra con el EMC, precis\u00f3 Cubides.<\/p>\n<p>Siete bombardeos a\u00e9reos<br \/>\nPor su parte, el comandante de la Fuerza Aeroespacial Colombiana (FAC), el general Luis Carlos C\u00f3rdoba Avenda\u00f1o, explic\u00f3 que la ofensiva incluy\u00f3 siete bombardeos a\u00e9reos.<\/p>\n<p>El ataque fue ordenado ayer por el presidente colombiano, Gustavo Petro, quien asegur\u00f3 que llam\u00f3 a \u00abresolver militarmente\u00bb el frente armado bajo el mando de Iv\u00e1n Mordisco.<\/p>\n","protected":false},"excerpt":{"rendered":"<p>Al menos 19 presuntos armados de las disidencias de las antiguas FARC murieron en un bombardeo a\u00e9reo de las Fuerzas Militares de Colombia en una zona selv\u00e1tica del departamento del Guaviare, informaron este martes (11.11.2025) fuentes castrenses. La ofensiva, que se desarroll\u00f3 en el caser\u00edo Itilla, en el municipio de Calamar, dej\u00f3 adem\u00e1s un capturado [&hellip;]<\/p>\n","protected":false},"author":1,"featured_media":17117,"comment_status":"open","ping_status":"open","sticky":false,"template":"","format":"standard","meta":{"footnotes":""},"categories":[8],"tags":[],"_links":{"self":[{"href":"https:\/\/infozamoraec.com\/index.php\/wp-json\/wp\/v2\/posts\/17116"}],"collection":[{"href":"https:\/\/infozamoraec.com\/index.php\/wp-json\/wp\/v2\/posts"}],"about":[{"href":"https:\/\/infozamoraec.com\/index.php\/wp-json\/wp\/v2\/types\/post"}],"author":[{"embeddable":true,"href":"https:\/\/infozamoraec.com\/index.php\/wp-json\/wp\/v2\/users\/1"}],"replies":[{"embeddable":true,"href":"https:\/\/infozamoraec.com\/index.php\/wp-json\/wp\/v2\/comments?post=17116"}],"version-history":[{"count":1,"href":"https:\/\/infozamoraec.com\/index.php\/wp-json\/wp\/v2\/posts\/17116\/revisions"}],"predecessor-version":[{"id":17118,"href":"https:\/\/infozamoraec.com\/index.php\/wp-json\/wp\/v2\/posts\/17116\/revisions\/17118"}],"wp:featuredmedia":[{"embeddable":true,"href":"https:\/\/infozamoraec.com\/index.php\/wp-json\/wp\/v2\/media\/17117"}],"wp:attachment":[{"href":"https:\/\/infozamoraec.com\/index.php\/wp-json\/wp\/v2\/media?parent=17116"}],"wp:term":[{"taxonomy":"category","embeddable":true,"href":"https:\/\/infozamoraec.com\/index.php\/wp-json\/wp\/v2\/categories?post=17116"},{"taxonomy":"post_tag","embeddable":true,"href":"https:\/\/infozamoraec.com\/index.php\/wp-json\/wp\/v2\/tags?post=17116"}],"curies":[{"name":"wp","href":"https:\/\/api.w.org\/{rel}","templated":true}]}}