{"id":17107,"date":"2025-11-12T02:02:53","date_gmt":"2025-11-12T02:02:53","guid":{"rendered":"https:\/\/infozamoraec.com\/?p=17107"},"modified":"2025-11-12T02:03:13","modified_gmt":"2025-11-12T02:03:13","slug":"noboa-hace-campana-por-la-consulta-al-sur-de-quito-yo-prefiero-morirme-antes-de-regalar-a-mi-pais","status":"publish","type":"post","link":"https:\/\/infozamoraec.com\/index.php\/2025\/11\/12\/noboa-hace-campana-por-la-consulta-al-sur-de-quito-yo-prefiero-morirme-antes-de-regalar-a-mi-pais\/","title":{"rendered":"Noboa hace campa\u00f1a por la consulta al sur de Quito: \u00abYo prefiero morirme antes de regalar a mi pa\u00eds\u00bb"},"content":{"rendered":"<p>A dos d\u00edas de que termine la campa\u00f1a por la consulta popular y el refer\u00e9ndum, el presidente Daniel Noboa realiz\u00f3 este 11 de noviembre actividad proselitista en el sur de Quito, tras la licencia de la Asamblea Nacional.<\/p>\n<p>En un encuentro con simpatizantes en el sur de la capital, Noboa replic\u00f3 a quienes sostienen que se pretende ceder soberan\u00eda con la eliminaci\u00f3n de la prohibici\u00f3n de instalar bases militares extranjeras en el pa\u00eds, una de las preguntas del refer\u00e9ndum del pr\u00f3ximo domingo.<\/p>\n<p>\u00abNadie va a regalar la soberan\u00eda del Ecuador. Yo prefiero morirme antes de regalar a mi pa\u00eds. Eso jam\u00e1s va a pasar, pero s\u00ed se necesita cooperaci\u00f3n de otros pa\u00edses porque la criminalidad es trasnacional\u00bb, explic\u00f3.<\/p>\n<p>En ese sentido, anot\u00f3 que han conversado con Brasil para tener una base en la Amazonia; que han hablado con Estados Unidos\u00bb y con la Polic\u00eda de Europa (Europol) para que exista tambi\u00e9n una base de inteligencia en las zonas m\u00e1s dif\u00edciles\u00bb.<\/p>\n<p>Militares de Estados Unidos ya tuvieron una base en la provincia de Manab\u00ed (oeste), pero salieron del lugar luego del que el presidente Rafael Correa (2007-2017) no renovara el convenio. La secretaria de Seguridad Nacional de Estados Unidos, Kristi Noem, visit\u00f3 la semana pasada esa base y otra en Salinas (Santa Elena).<\/p>\n<p>Noboa insisti\u00f3 en que se busca \u00abfortalecer la soberan\u00eda de Ecuador y la seguridad de las personas con operaci\u00f3n internacional, con bases de seguridad nacional, no bases extranjeras\u00bb, pero s\u00ed con el \u00abapoyo de otros pa\u00edses\u00bb.<\/p>\n<p>Ecuador atraviesa una escalada de violencia sin precedentes, atribuida por el Gobierno al incremento de la actividad de bandas criminales organizadas, vinculadas principalmente al narcotr\u00e1fico, pero que en los \u00faltimos a\u00f1os han incursionado con fuerza en la extorsi\u00f3n, los secuestros y la miner\u00eda ilegal.<\/p>\n<p>En enero de 2024, Noboa decret\u00f3 el estado de \u00abconflicto armado interno\u00bb para intensificar el combate a las estructuras criminales, a las que pas\u00f3 a denominar como \u00abterroristas\u00bb.<\/p>\n","protected":false},"excerpt":{"rendered":"<p>A dos d\u00edas de que termine la campa\u00f1a por la consulta popular y el refer\u00e9ndum, el presidente Daniel Noboa realiz\u00f3 este 11 de noviembre actividad proselitista en el sur de Quito, tras la licencia de la Asamblea Nacional. En un encuentro con simpatizantes en el sur de la capital, Noboa replic\u00f3 a quienes sostienen que [&hellip;]<\/p>\n","protected":false},"author":1,"featured_media":17108,"comment_status":"open","ping_status":"open","sticky":false,"template":"","format":"standard","meta":{"footnotes":""},"categories":[12],"tags":[],"_links":{"self":[{"href":"https:\/\/infozamoraec.com\/index.php\/wp-json\/wp\/v2\/posts\/17107"}],"collection":[{"href":"https:\/\/infozamoraec.com\/index.php\/wp-json\/wp\/v2\/posts"}],"about":[{"href":"https:\/\/infozamoraec.com\/index.php\/wp-json\/wp\/v2\/types\/post"}],"author":[{"embeddable":true,"href":"https:\/\/infozamoraec.com\/index.php\/wp-json\/wp\/v2\/users\/1"}],"replies":[{"embeddable":true,"href":"https:\/\/infozamoraec.com\/index.php\/wp-json\/wp\/v2\/comments?post=17107"}],"version-history":[{"count":1,"href":"https:\/\/infozamoraec.com\/index.php\/wp-json\/wp\/v2\/posts\/17107\/revisions"}],"predecessor-version":[{"id":17109,"href":"https:\/\/infozamoraec.com\/index.php\/wp-json\/wp\/v2\/posts\/17107\/revisions\/17109"}],"wp:featuredmedia":[{"embeddable":true,"href":"https:\/\/infozamoraec.com\/index.php\/wp-json\/wp\/v2\/media\/17108"}],"wp:attachment":[{"href":"https:\/\/infozamoraec.com\/index.php\/wp-json\/wp\/v2\/media?parent=17107"}],"wp:term":[{"taxonomy":"category","embeddable":true,"href":"https:\/\/infozamoraec.com\/index.php\/wp-json\/wp\/v2\/categories?post=17107"},{"taxonomy":"post_tag","embeddable":true,"href":"https:\/\/infozamoraec.com\/index.php\/wp-json\/wp\/v2\/tags?post=17107"}],"curies":[{"name":"wp","href":"https:\/\/api.w.org\/{rel}","templated":true}]}}