{"id":1710,"date":"2024-03-14T17:01:28","date_gmt":"2024-03-14T17:01:28","guid":{"rendered":"https:\/\/infozamoraec.com\/?p=1710"},"modified":"2024-03-14T17:04:32","modified_gmt":"2024-03-14T17:04:32","slug":"tres-jueces-del-guayas-fueron-convocados-a-juicio","status":"publish","type":"post","link":"https:\/\/infozamoraec.com\/index.php\/2024\/03\/14\/tres-jueces-del-guayas-fueron-convocados-a-juicio\/","title":{"rendered":"Tres jueces del Guayas fueron convocados a juicio"},"content":{"rendered":"<p>Transcurridas las 19:00 de este 13 de marzo, el juez\u00a0<strong><a title=\"Felipe C\u00f3rdova\" href=\"https:\/\/www.larepublica.ec\/blog\/2024\/01\/24\/felipe-cordova-es-el-nuevo-presidente-en-cnj\/\" target=\"_blank\" rel=\"noopener\">Felipe C\u00f3rdova<\/a><\/strong>\u00a0convoc\u00f3 a juicio a los jueces del\u00a0<strong>Guayas<\/strong>\u00a0<strong>Len\u00edn Zevallos<\/strong>,\u00a0<strong>Jessy Monroy<\/strong>\u00a0y\u00a0<strong>Roberto Angulo<\/strong>, quienes son procesados por aparente prevaricato en calidad de autores directos.<\/p>\n<p>As\u00ed mismo, ratific\u00f3 medidas cautelares que pesan en su contra.\u00a0<strong>Wilson Toainga<\/strong>, fiscal general del Estado (s), asisti\u00f3 de manera telem\u00e1tica a la audiencia. Los jueces otorgaron acciones de protecci\u00f3n de forma irregular, de acuerdo con una sentencia de la\u00a0<strong>Corte Constitucional<\/strong>\u00a0que mand\u00f3 el caso a la Fiscal\u00eda para que abra una investigaci\u00f3n penal.<\/p>\n<p><strong>Toainga<\/strong>\u00a0le formul\u00f3 cargos por prevaricato, o sea, por fallar en contra de la ley y beneficiar a empresas privadas y obligaron al Banco Central a regresar 12,5 millones de d\u00f3lares retenidos en un juicio. As\u00ed reaccionaron sus abogados\u00a0<strong>Paul Oca\u00f1a<\/strong>\u00a0y\u00a0<strong>Carlos \u00c1valos<\/strong>.<\/p>\n<p>La\u00a0<strong>Corte Constitucional<\/strong>\u00a0eligi\u00f3 este caso en junio del a\u00f1o anterior para regular el abuso de las acciones de protecci\u00f3n, y en su fallo determin\u00f3 que s\u00ed se puede procesar penalmente a cualquier juez que incurra en dicha pr\u00e1ctica.<\/p>\n<p>De acuerdo con\u00a0<strong><a title=\"Ecuavisa\" href=\"https:\/\/twitter.com\/EcuavisaInforma\" target=\"_blank\" rel=\"noopener\">Ecuavisa<\/a><\/strong>, si el caso avanza y se les encuentra culpables, los implicados podr\u00edan ser condenados a una pena de hasta cinco a\u00f1os de c\u00e1rcel y una multa de 20 a 30 salarios b\u00e1sicos unificados, seg\u00fan el art\u00edculo 268, inciso primero, del C\u00f3digo Org\u00e1nico Integral Penal.<\/p>\n<p>As\u00ed mismo, los jueces podr\u00edan ser inhabilitados para ejercer la profesi\u00f3n u oficio por un a\u00f1o. (La Rep\u00fablica)<\/p>\n","protected":false},"excerpt":{"rendered":"<p>Transcurridas las 19:00 de este 13 de marzo, el juez\u00a0Felipe C\u00f3rdova\u00a0convoc\u00f3 a juicio a los jueces del\u00a0Guayas\u00a0Len\u00edn Zevallos,\u00a0Jessy Monroy\u00a0y\u00a0Roberto Angulo, quienes son procesados por aparente prevaricato en calidad de autores directos. As\u00ed mismo, ratific\u00f3 medidas cautelares que pesan en su contra.\u00a0Wilson Toainga, fiscal general del Estado (s), asisti\u00f3 de manera telem\u00e1tica a la audiencia. Los [&hellip;]<\/p>\n","protected":false},"author":1,"featured_media":1715,"comment_status":"open","ping_status":"open","sticky":false,"template":"","format":"standard","meta":{"footnotes":""},"categories":[12],"tags":[],"_links":{"self":[{"href":"https:\/\/infozamoraec.com\/index.php\/wp-json\/wp\/v2\/posts\/1710"}],"collection":[{"href":"https:\/\/infozamoraec.com\/index.php\/wp-json\/wp\/v2\/posts"}],"about":[{"href":"https:\/\/infozamoraec.com\/index.php\/wp-json\/wp\/v2\/types\/post"}],"author":[{"embeddable":true,"href":"https:\/\/infozamoraec.com\/index.php\/wp-json\/wp\/v2\/users\/1"}],"replies":[{"embeddable":true,"href":"https:\/\/infozamoraec.com\/index.php\/wp-json\/wp\/v2\/comments?post=1710"}],"version-history":[{"count":1,"href":"https:\/\/infozamoraec.com\/index.php\/wp-json\/wp\/v2\/posts\/1710\/revisions"}],"predecessor-version":[{"id":1716,"href":"https:\/\/infozamoraec.com\/index.php\/wp-json\/wp\/v2\/posts\/1710\/revisions\/1716"}],"wp:featuredmedia":[{"embeddable":true,"href":"https:\/\/infozamoraec.com\/index.php\/wp-json\/wp\/v2\/media\/1715"}],"wp:attachment":[{"href":"https:\/\/infozamoraec.com\/index.php\/wp-json\/wp\/v2\/media?parent=1710"}],"wp:term":[{"taxonomy":"category","embeddable":true,"href":"https:\/\/infozamoraec.com\/index.php\/wp-json\/wp\/v2\/categories?post=1710"},{"taxonomy":"post_tag","embeddable":true,"href":"https:\/\/infozamoraec.com\/index.php\/wp-json\/wp\/v2\/tags?post=1710"}],"curies":[{"name":"wp","href":"https:\/\/api.w.org\/{rel}","templated":true}]}}