{"id":1708,"date":"2024-03-14T16:58:47","date_gmt":"2024-03-14T16:58:47","guid":{"rendered":"https:\/\/infozamoraec.com\/?p=1708"},"modified":"2024-03-14T17:00:08","modified_gmt":"2024-03-14T17:00:08","slug":"apelan-traslado-de-muentes-a-la-carcel-de-cotopaxi","status":"publish","type":"post","link":"https:\/\/infozamoraec.com\/index.php\/2024\/03\/14\/apelan-traslado-de-muentes-a-la-carcel-de-cotopaxi\/","title":{"rendered":"Apelan traslado de Muentes a la c\u00e1rcel de Cotopaxi"},"content":{"rendered":"<p><strong>Diego Chimbo<\/strong>, abogado del exasamble\u00edsta\u00a0<strong><a title=\"Pablo Muentes\" href=\"https:\/\/www.larepublica.ec\/blog\/2024\/03\/04\/fiscalia-captura-al-asambleista-socialcristiano-pablo-muentes\/\" target=\"_blank\" rel=\"noopener\">Pablo Muentes<\/a><\/strong>\u00a0y su primo\u00a0<strong>Fausto Alarc\u00f3n<\/strong>, detenidos por el\u00a0<strong>caso Purga<\/strong>, apel\u00f3 el traslado de sus clientes de la\u00a0<strong>C\u00e1rcel 4<\/strong>, en\u00a0<strong>Quito<\/strong>, a la\u00a0<strong>c\u00e1rcel de Cotopaxi<\/strong>. As\u00ed lo inform\u00f3 la tarde de este 13 de marzo en una entrevista v\u00eda telef\u00f3nica con\u00a0<strong>Ecuavisa.com<\/strong>.<\/p>\n<div class=\"mh-content-ad\">\n<div id=\"beacon_9c85777104\"><img decoding=\"async\" src=\"https:\/\/servedby.revive-adserver.net\/lg.php?bannerid=0&amp;campaignid=0&amp;zoneid=2931&amp;loc=https%3A%2F%2Fwww.larepublica.ec%2Fblog%2F2024%2F03%2F14%2Fapelan-traslado-de-muentes-a-la-carcel-de-cotopaxi%2F&amp;referer=https%3A%2F%2Fwww.larepublica.ec%2F&amp;cb=9c85777104\" alt=\"\" width=\"0\" height=\"0\" \/><strong>Chimbo<\/strong>\u00a0dijo que la informaci\u00f3n difundida en redes sociales respecto a un habeas corpus para\u00a0<strong>Muentes<\/strong>\u00a0y\u00a0<strong>Alarc\u00f3n<\/strong>\u00a0no es correcta, ya que \u00e9l desisti\u00f3 de este recurso y \u00abni siquiera se realiz\u00f3 la audiencia de habeas corpus\u00bb.<\/div>\n<p><strong>Pablo Muentes <\/strong>y<strong>\u00a0Fausto Alarc\u00f3n<\/strong>, luego de la audiencia de formulaci\u00f3n de cargos, fueron llevados a la\u00a0<strong>C\u00e1rcel 4\u00a0<\/strong>de\u00a0<strong>Quito<\/strong>, donde est\u00e1n detenidos otros investigados por el\u00a0<strong>caso Met\u00e1stasis<\/strong>.<\/p>\n<\/div>\n<p>Sin embargo, el\u00a0<strong>SNAI<\/strong>\u00a0dispuso su traslado a la\u00a0<strong>c\u00e1rcel de Cotopaxi<\/strong>, algo que calific\u00f3 de \u00abarbitrario e ilegal\u00bb.<\/p>\n<p>Por tanto, apel\u00f3 ese traslado. A\u00fan no hay fecha para esa audiencia de apelaci\u00f3n, a\u00f1adi\u00f3.<\/p>\n","protected":false},"excerpt":{"rendered":"<p>Diego Chimbo, abogado del exasamble\u00edsta\u00a0Pablo Muentes\u00a0y su primo\u00a0Fausto Alarc\u00f3n, detenidos por el\u00a0caso Purga, apel\u00f3 el traslado de sus clientes de la\u00a0C\u00e1rcel 4, en\u00a0Quito, a la\u00a0c\u00e1rcel de Cotopaxi. As\u00ed lo inform\u00f3 la tarde de este 13 de marzo en una entrevista v\u00eda telef\u00f3nica con\u00a0Ecuavisa.com. Chimbo\u00a0dijo que la informaci\u00f3n difundida en redes sociales respecto a un habeas [&hellip;]<\/p>\n","protected":false},"author":1,"featured_media":1714,"comment_status":"open","ping_status":"open","sticky":false,"template":"","format":"standard","meta":{"footnotes":""},"categories":[12],"tags":[],"_links":{"self":[{"href":"https:\/\/infozamoraec.com\/index.php\/wp-json\/wp\/v2\/posts\/1708"}],"collection":[{"href":"https:\/\/infozamoraec.com\/index.php\/wp-json\/wp\/v2\/posts"}],"about":[{"href":"https:\/\/infozamoraec.com\/index.php\/wp-json\/wp\/v2\/types\/post"}],"author":[{"embeddable":true,"href":"https:\/\/infozamoraec.com\/index.php\/wp-json\/wp\/v2\/users\/1"}],"replies":[{"embeddable":true,"href":"https:\/\/infozamoraec.com\/index.php\/wp-json\/wp\/v2\/comments?post=1708"}],"version-history":[{"count":2,"href":"https:\/\/infozamoraec.com\/index.php\/wp-json\/wp\/v2\/posts\/1708\/revisions"}],"predecessor-version":[{"id":1712,"href":"https:\/\/infozamoraec.com\/index.php\/wp-json\/wp\/v2\/posts\/1708\/revisions\/1712"}],"wp:featuredmedia":[{"embeddable":true,"href":"https:\/\/infozamoraec.com\/index.php\/wp-json\/wp\/v2\/media\/1714"}],"wp:attachment":[{"href":"https:\/\/infozamoraec.com\/index.php\/wp-json\/wp\/v2\/media?parent=1708"}],"wp:term":[{"taxonomy":"category","embeddable":true,"href":"https:\/\/infozamoraec.com\/index.php\/wp-json\/wp\/v2\/categories?post=1708"},{"taxonomy":"post_tag","embeddable":true,"href":"https:\/\/infozamoraec.com\/index.php\/wp-json\/wp\/v2\/tags?post=1708"}],"curies":[{"name":"wp","href":"https:\/\/api.w.org\/{rel}","templated":true}]}}