{"id":17069,"date":"2025-11-11T01:26:36","date_gmt":"2025-11-11T01:26:36","guid":{"rendered":"https:\/\/infozamoraec.com\/?p=17069"},"modified":"2025-11-11T01:26:36","modified_gmt":"2025-11-11T01:26:36","slug":"glas-es-uno-de-los-300-reos-trasladados-a-el-ecuentro","status":"publish","type":"post","link":"https:\/\/infozamoraec.com\/index.php\/2025\/11\/11\/glas-es-uno-de-los-300-reos-trasladados-a-el-ecuentro\/","title":{"rendered":"Glas es uno de los 300 reos trasladados a El Ecuentro"},"content":{"rendered":"<p>El exvicepresidente Jorge Glas es uno de los 300 reos trasladados a la c\u00e1rcel El Ecuentro que inaugur\u00f3 este 10 de noviembre. En las fotograf\u00edas difundidas por el Gobierno, se lo ve a Glas siendo tomadas sus huellas y escoltado por polic\u00edas a la que ser\u00eda su nueva celda tras ser sacado de la c\u00e1rcel de m\u00e1xima seguridad La Roca.<\/p>\n<p>\u201cBienvenido al nuevo hogar. Pronto llegar\u00e1n otros criminales\u201d, escribi\u00f3 el presidente Daniel Noboa, junto a fotograf\u00edas en las que se observa al ex vicepresidente del Gobierno de la Revoluci\u00f3n Ciudadana ser ingresado a la C\u00e1rcel del Encuentro.<\/p>\n<p>De fuentes de Gobierno tambi\u00e9n se conoci\u00f3 que junto a Glas fueron trasladados el ex asamble\u00edsta del Partido Social Cristiano (PSC), Pablo Muentes y Daniel Salcedo involucrado de casos de corrupci\u00f3n en hospitales y se\u00f1alado dentro de los autores intelectuales del asesinato a Fernando Villavicencio.<\/p>\n","protected":false},"excerpt":{"rendered":"<p>El exvicepresidente Jorge Glas es uno de los 300 reos trasladados a la c\u00e1rcel El Ecuentro que inaugur\u00f3 este 10 de noviembre. En las fotograf\u00edas difundidas por el Gobierno, se lo ve a Glas siendo tomadas sus huellas y escoltado por polic\u00edas a la que ser\u00eda su nueva celda tras ser sacado de la c\u00e1rcel [&hellip;]<\/p>\n","protected":false},"author":1,"featured_media":17070,"comment_status":"open","ping_status":"open","sticky":false,"template":"","format":"standard","meta":{"footnotes":""},"categories":[12],"tags":[],"_links":{"self":[{"href":"https:\/\/infozamoraec.com\/index.php\/wp-json\/wp\/v2\/posts\/17069"}],"collection":[{"href":"https:\/\/infozamoraec.com\/index.php\/wp-json\/wp\/v2\/posts"}],"about":[{"href":"https:\/\/infozamoraec.com\/index.php\/wp-json\/wp\/v2\/types\/post"}],"author":[{"embeddable":true,"href":"https:\/\/infozamoraec.com\/index.php\/wp-json\/wp\/v2\/users\/1"}],"replies":[{"embeddable":true,"href":"https:\/\/infozamoraec.com\/index.php\/wp-json\/wp\/v2\/comments?post=17069"}],"version-history":[{"count":2,"href":"https:\/\/infozamoraec.com\/index.php\/wp-json\/wp\/v2\/posts\/17069\/revisions"}],"predecessor-version":[{"id":17072,"href":"https:\/\/infozamoraec.com\/index.php\/wp-json\/wp\/v2\/posts\/17069\/revisions\/17072"}],"wp:featuredmedia":[{"embeddable":true,"href":"https:\/\/infozamoraec.com\/index.php\/wp-json\/wp\/v2\/media\/17070"}],"wp:attachment":[{"href":"https:\/\/infozamoraec.com\/index.php\/wp-json\/wp\/v2\/media?parent=17069"}],"wp:term":[{"taxonomy":"category","embeddable":true,"href":"https:\/\/infozamoraec.com\/index.php\/wp-json\/wp\/v2\/categories?post=17069"},{"taxonomy":"post_tag","embeddable":true,"href":"https:\/\/infozamoraec.com\/index.php\/wp-json\/wp\/v2\/tags?post=17069"}],"curies":[{"name":"wp","href":"https:\/\/api.w.org\/{rel}","templated":true}]}}