{"id":17041,"date":"2025-11-08T03:08:41","date_gmt":"2025-11-08T03:08:41","guid":{"rendered":"https:\/\/infozamoraec.com\/?p=17041"},"modified":"2025-11-08T03:08:41","modified_gmt":"2025-11-08T03:08:41","slug":"violento-ataque-en-la-via-cuenca-giron-pasaje-deja-un-muerto","status":"publish","type":"post","link":"https:\/\/infozamoraec.com\/index.php\/2025\/11\/08\/violento-ataque-en-la-via-cuenca-giron-pasaje-deja-un-muerto\/","title":{"rendered":"Violento ataque en la v\u00eda Cuenca\u2013Gir\u00f3n\u2013Pasaje deja un muerto"},"content":{"rendered":"<p>Una camioneta fue baleada este viernes 7 de noviembre en la v\u00eda Cuenca-Gir\u00f3n-Pasaje, a la altura del sector Minas, perteneciente al cant\u00f3n Santa Isabel (Azuay). Seg\u00fan informaci\u00f3n preliminar, una persona fue asesinada.<\/p>\n<p>La camioneta qued\u00f3 virada a un costado de la carretera. Militares, polic\u00edas y agentes de la Comisi\u00f3n de Tr\u00e1nsito del Ecuador (CTE) atienden el incidente.<\/p>\n<p>La cifra de asesinatos registrados en 2025 en la provincia de Azuay es una de las m\u00e1s bajas del pa\u00eds: alrededor de 30 casos. Sin embargo, en los \u00faltimos d\u00edas han ocurrido varios hechos violentos. El mi\u00e9rcoles 5 de noviembre, dos hombres fueron acribillados en una zona residencial del suroeste de Cuenca.<\/p>\n<p>Algunas zonas de Ecuador han vivido bajo sucesivos estados de excepci\u00f3n decretados por el presidente de la Rep\u00fablica, Daniel Noboa, despu\u00e9s de que en enero de 2024 declar\u00f3 un conflicto armado interno para intensificar la lucha contra las organizaciones criminales, a las que pas\u00f3 a denominar terroristas.<\/p>\n<p>El estado de excepci\u00f3n m\u00e1s reciente fue suscrito el martes 4 de noviembre e incluye a las provincias de Guayas, Manab\u00ed, El Oro, Santa Elena y Los R\u00edos, y los cantones La Man\u00e1 (Cotopaxi), Las Naves y Echeand\u00eda (Bol\u00edvar).<\/p>\n<p>Sin embargo, estas acciones no han logrado bajar el nivel de violencia sin precedentes que registra el pa\u00eds en los \u00faltimos a\u00f1os, y que en este 2025 se ha intensificado, al registrar un promedio de un asesinato por hora.<\/p>\n","protected":false},"excerpt":{"rendered":"<p>Una camioneta fue baleada este viernes 7 de noviembre en la v\u00eda Cuenca-Gir\u00f3n-Pasaje, a la altura del sector Minas, perteneciente al cant\u00f3n Santa Isabel (Azuay). Seg\u00fan informaci\u00f3n preliminar, una persona fue asesinada. La camioneta qued\u00f3 virada a un costado de la carretera. Militares, polic\u00edas y agentes de la Comisi\u00f3n de Tr\u00e1nsito del Ecuador (CTE) atienden [&hellip;]<\/p>\n","protected":false},"author":1,"featured_media":17042,"comment_status":"open","ping_status":"open","sticky":false,"template":"","format":"standard","meta":{"footnotes":""},"categories":[12],"tags":[],"_links":{"self":[{"href":"https:\/\/infozamoraec.com\/index.php\/wp-json\/wp\/v2\/posts\/17041"}],"collection":[{"href":"https:\/\/infozamoraec.com\/index.php\/wp-json\/wp\/v2\/posts"}],"about":[{"href":"https:\/\/infozamoraec.com\/index.php\/wp-json\/wp\/v2\/types\/post"}],"author":[{"embeddable":true,"href":"https:\/\/infozamoraec.com\/index.php\/wp-json\/wp\/v2\/users\/1"}],"replies":[{"embeddable":true,"href":"https:\/\/infozamoraec.com\/index.php\/wp-json\/wp\/v2\/comments?post=17041"}],"version-history":[{"count":1,"href":"https:\/\/infozamoraec.com\/index.php\/wp-json\/wp\/v2\/posts\/17041\/revisions"}],"predecessor-version":[{"id":17043,"href":"https:\/\/infozamoraec.com\/index.php\/wp-json\/wp\/v2\/posts\/17041\/revisions\/17043"}],"wp:featuredmedia":[{"embeddable":true,"href":"https:\/\/infozamoraec.com\/index.php\/wp-json\/wp\/v2\/media\/17042"}],"wp:attachment":[{"href":"https:\/\/infozamoraec.com\/index.php\/wp-json\/wp\/v2\/media?parent=17041"}],"wp:term":[{"taxonomy":"category","embeddable":true,"href":"https:\/\/infozamoraec.com\/index.php\/wp-json\/wp\/v2\/categories?post=17041"},{"taxonomy":"post_tag","embeddable":true,"href":"https:\/\/infozamoraec.com\/index.php\/wp-json\/wp\/v2\/tags?post=17041"}],"curies":[{"name":"wp","href":"https:\/\/api.w.org\/{rel}","templated":true}]}}