{"id":17032,"date":"2025-11-08T02:56:18","date_gmt":"2025-11-08T02:56:18","guid":{"rendered":"https:\/\/infozamoraec.com\/?p=17032"},"modified":"2025-11-08T02:56:18","modified_gmt":"2025-11-08T02:56:18","slug":"asamblea-aprueba-dar-licencia-a-noboa-durante-la-campana","status":"publish","type":"post","link":"https:\/\/infozamoraec.com\/index.php\/2025\/11\/08\/asamblea-aprueba-dar-licencia-a-noboa-durante-la-campana\/","title":{"rendered":"Asamblea aprueba dar licencia a Noboa durante la campa\u00f1a"},"content":{"rendered":"<p>La Asamblea sesion\u00f3 este viernes, 7 de noviembre para tratar \u00fanicamente un punto: votar por la licencia del presidente Daniel Noboa, quien participar\u00e1 en la campa\u00f1a por la consulta popular y refer\u00e9ndum. Sin embargo, el Pleno acept\u00f3 debatir otras propuestas de resoluciones. Tras la votaci\u00f3n, la moci\u00f3n se aprob\u00f3 con 86 afirmativos.<\/p>\n<p>Tras esta resolcui\u00f3n, Noboa se acoger\u00e1 a una licencia sin sueldo desde el domingo 9 de noviembre al jueves 13 de este mes, es decir, durante los \u00faltimos cuatro d\u00edas de la campa\u00f1a para este proceso electoral.<\/p>\n<p>Esta sesi\u00f3n plenaria legislativa no fue com\u00fan. Pues, debido a los tres conciertos de Shakira en Quito, result\u00f3 compleja la movilidad de los legisladores por lo que esta sesi\u00f3n fue en modalidad virtual y telem\u00e1tica. Los precios de los vuelos a la capital y la posibilidad de encontrar asientos en los aviones fue pr\u00e1cticamente imposible.<\/p>\n<p>Debido a que legisladores del corre\u00edsmo y del oficialismo pidieron licencia, la sesi\u00f3n se cumpli\u00f3 con suplentes. Seg\u00fan indic\u00f3 el asamble\u00edsta Cristian Benavides a TV Legislativa, 80 legisladores solicitaron licencia sin sueldo para la campa\u00f1a, entre ellos, el propio titular de esta Funci\u00f3n del Estado, Niels Olsen (ADN) quien fue reemplazado en la presidencia por Mishel Mancheno.<\/p>\n<p>Mociones del orden del d\u00eda que pasaron pero no fueron tratadas<br \/>\nLa mayor\u00eda del Pleno acept\u00f3 debatir proyectos de resoluci\u00f3n presentados por la asamble\u00edsta Liliana Dur\u00e1n del corre\u00edsmo para declarar a la Asamblea como un espacio libre de violencia pol\u00edtica, \u00c1lex Mor\u00e1n y Juan Jos\u00e9 Reyes del oficialismo tambi\u00e9n plante\u00f3 otras cuestiones.<\/p>\n<p>Por ejemplo, Mor\u00e1n pretendi\u00f3 que amblea emprenda un proceso de fiscalizaci\u00f3n a las empresas de agua potable de Quito, Guayaquil y Cuenca, y que exhorte a la Contralor\u00eda para que realice auditor\u00edas permanentes a estas.<\/p>\n","protected":false},"excerpt":{"rendered":"<p>La Asamblea sesion\u00f3 este viernes, 7 de noviembre para tratar \u00fanicamente un punto: votar por la licencia del presidente Daniel Noboa, quien participar\u00e1 en la campa\u00f1a por la consulta popular y refer\u00e9ndum. Sin embargo, el Pleno acept\u00f3 debatir otras propuestas de resoluciones. Tras la votaci\u00f3n, la moci\u00f3n se aprob\u00f3 con 86 afirmativos. Tras esta resolcui\u00f3n, [&hellip;]<\/p>\n","protected":false},"author":1,"featured_media":17033,"comment_status":"open","ping_status":"open","sticky":false,"template":"","format":"standard","meta":{"footnotes":""},"categories":[12],"tags":[],"_links":{"self":[{"href":"https:\/\/infozamoraec.com\/index.php\/wp-json\/wp\/v2\/posts\/17032"}],"collection":[{"href":"https:\/\/infozamoraec.com\/index.php\/wp-json\/wp\/v2\/posts"}],"about":[{"href":"https:\/\/infozamoraec.com\/index.php\/wp-json\/wp\/v2\/types\/post"}],"author":[{"embeddable":true,"href":"https:\/\/infozamoraec.com\/index.php\/wp-json\/wp\/v2\/users\/1"}],"replies":[{"embeddable":true,"href":"https:\/\/infozamoraec.com\/index.php\/wp-json\/wp\/v2\/comments?post=17032"}],"version-history":[{"count":1,"href":"https:\/\/infozamoraec.com\/index.php\/wp-json\/wp\/v2\/posts\/17032\/revisions"}],"predecessor-version":[{"id":17034,"href":"https:\/\/infozamoraec.com\/index.php\/wp-json\/wp\/v2\/posts\/17032\/revisions\/17034"}],"wp:featuredmedia":[{"embeddable":true,"href":"https:\/\/infozamoraec.com\/index.php\/wp-json\/wp\/v2\/media\/17033"}],"wp:attachment":[{"href":"https:\/\/infozamoraec.com\/index.php\/wp-json\/wp\/v2\/media?parent=17032"}],"wp:term":[{"taxonomy":"category","embeddable":true,"href":"https:\/\/infozamoraec.com\/index.php\/wp-json\/wp\/v2\/categories?post=17032"},{"taxonomy":"post_tag","embeddable":true,"href":"https:\/\/infozamoraec.com\/index.php\/wp-json\/wp\/v2\/tags?post=17032"}],"curies":[{"name":"wp","href":"https:\/\/api.w.org\/{rel}","templated":true}]}}