{"id":17029,"date":"2025-11-08T02:53:26","date_gmt":"2025-11-08T02:53:26","guid":{"rendered":"https:\/\/infozamoraec.com\/?p=17029"},"modified":"2025-11-08T02:53:26","modified_gmt":"2025-11-08T02:53:26","slug":"en-la-cop30-maria-jose-pinto-alerta-sobre-el-crimen-organizado-en-la-amazonia","status":"publish","type":"post","link":"https:\/\/infozamoraec.com\/index.php\/2025\/11\/08\/en-la-cop30-maria-jose-pinto-alerta-sobre-el-crimen-organizado-en-la-amazonia\/","title":{"rendered":"En la COP30, Mar\u00eda Jos\u00e9 Pinto alerta sobre el crimen organizado en la Amazon\u00eda"},"content":{"rendered":"<p>La vicepresidenta de Ecuador,\u00a0Mar\u00eda Jos\u00e9 Pinto, se reuni\u00f3 este jueves con el presidente de la\u00a0Conferencia sobre Cambio Clim\u00e1tico de las Naciones Unidas (COP30), Andr\u00e9 Aranha Corr\u00eaa do Lago, con la intenci\u00f3n de promover la conservaci\u00f3n de la Amazon\u00eda y destacar su importancia estrat\u00e9gica como fuente de biodiversidad,\u00a0agua y equilibrio clim\u00e1tico mundial, seg\u00fan inform\u00f3 la Vicepresidencia en un comunicado.<\/p>\n<p>El encuentro se produjo despu\u00e9s de que Pinto interviniera en la cumbre clim\u00e1tica celebrada en Bel\u00e9m do Par\u00e1 (Brasil), donde sostuvo que la Amazon\u00eda no se defiende solo con declaraciones, sino con decisiones reales, cooperaci\u00f3n contra el crimen organizado, protecci\u00f3n de territorios, trabajo con comunidades y \u00abeducaci\u00f3n que siembra esperanza\u00bb.<\/p>\n<p>\u00ab\u00bfDe qu\u00e9 sirve proteger la Amazon\u00eda si no protegemos primero a quienes la habitan? \u00bfDe qu\u00e9 sirve hablar de futuro verde si los ni\u00f1os de la selva crecen rodeados de miedo? \u00bfC\u00f3mo podemos hablar de conservaci\u00f3n si al mismo tiempo miles de ni\u00f1os est\u00e1n siendo reclutados por las mismas mafias que destruyen los r\u00edos, los suelos y la vida?\u00bb, declar\u00f3 al iniciar su discurso.<\/p>\n<p>Adem\u00e1s, y seg\u00fan el comunicado, la vicepresidenta transmiti\u00f3 un mensaje al presidente de Francia, Emmanuel Macron, a quien invit\u00f3 a fortalecer la cooperaci\u00f3n con Ecuador para impulsar iniciativas conjuntas orientadas a la protecci\u00f3n del medio ambiente y a la defensa de los derechos de la ni\u00f1ez.<\/p>\n<p>\u00abLa participaci\u00f3n de Ecuador en estos encuentros refuerza el compromiso del Gobierno del presidente Daniel Noboa con el multilateralismo, la cooperaci\u00f3n internacional y la construcci\u00f3n de alianzas estrat\u00e9gicas\u00bb, concluy\u00f3 el escrito. EFE<\/p>\n<p>&nbsp;<\/p>\n","protected":false},"excerpt":{"rendered":"<p>La vicepresidenta de Ecuador,\u00a0Mar\u00eda Jos\u00e9 Pinto, se reuni\u00f3 este jueves con el presidente de la\u00a0Conferencia sobre Cambio Clim\u00e1tico de las Naciones Unidas (COP30), Andr\u00e9 Aranha Corr\u00eaa do Lago, con la intenci\u00f3n de promover la conservaci\u00f3n de la Amazon\u00eda y destacar su importancia estrat\u00e9gica como fuente de biodiversidad,\u00a0agua y equilibrio clim\u00e1tico mundial, seg\u00fan inform\u00f3 la Vicepresidencia [&hellip;]<\/p>\n","protected":false},"author":1,"featured_media":17030,"comment_status":"open","ping_status":"open","sticky":false,"template":"","format":"standard","meta":{"footnotes":""},"categories":[12],"tags":[],"_links":{"self":[{"href":"https:\/\/infozamoraec.com\/index.php\/wp-json\/wp\/v2\/posts\/17029"}],"collection":[{"href":"https:\/\/infozamoraec.com\/index.php\/wp-json\/wp\/v2\/posts"}],"about":[{"href":"https:\/\/infozamoraec.com\/index.php\/wp-json\/wp\/v2\/types\/post"}],"author":[{"embeddable":true,"href":"https:\/\/infozamoraec.com\/index.php\/wp-json\/wp\/v2\/users\/1"}],"replies":[{"embeddable":true,"href":"https:\/\/infozamoraec.com\/index.php\/wp-json\/wp\/v2\/comments?post=17029"}],"version-history":[{"count":1,"href":"https:\/\/infozamoraec.com\/index.php\/wp-json\/wp\/v2\/posts\/17029\/revisions"}],"predecessor-version":[{"id":17031,"href":"https:\/\/infozamoraec.com\/index.php\/wp-json\/wp\/v2\/posts\/17029\/revisions\/17031"}],"wp:featuredmedia":[{"embeddable":true,"href":"https:\/\/infozamoraec.com\/index.php\/wp-json\/wp\/v2\/media\/17030"}],"wp:attachment":[{"href":"https:\/\/infozamoraec.com\/index.php\/wp-json\/wp\/v2\/media?parent=17029"}],"wp:term":[{"taxonomy":"category","embeddable":true,"href":"https:\/\/infozamoraec.com\/index.php\/wp-json\/wp\/v2\/categories?post=17029"},{"taxonomy":"post_tag","embeddable":true,"href":"https:\/\/infozamoraec.com\/index.php\/wp-json\/wp\/v2\/tags?post=17029"}],"curies":[{"name":"wp","href":"https:\/\/api.w.org\/{rel}","templated":true}]}}