{"id":17020,"date":"2025-11-08T02:27:43","date_gmt":"2025-11-08T02:27:43","guid":{"rendered":"https:\/\/infozamoraec.com\/?p=17020"},"modified":"2025-11-08T02:28:04","modified_gmt":"2025-11-08T02:28:04","slug":"camara-de-mineria-impulsa-ordenanza-para-fortalecer-la-mineria-artesanal-en-paquisha","status":"publish","type":"post","link":"https:\/\/infozamoraec.com\/index.php\/2025\/11\/08\/camara-de-mineria-impulsa-ordenanza-para-fortalecer-la-mineria-artesanal-en-paquisha\/","title":{"rendered":"C\u00e1mara de Miner\u00eda impulsa ordenanza para fortalecer la miner\u00eda artesanal en Paquisha"},"content":{"rendered":"<p>El presidente de la <strong>C\u00e1mara de Miner\u00eda de Zamora Chinchipe y del Distrito Minero de Chinapintza<\/strong>, <strong>Paul Pineda<\/strong>, inform\u00f3 sobre el avance en la <strong>socializaci\u00f3n de la ordenanza para el fomento y reconocimiento de la miner\u00eda artesanal y la orfebrer\u00eda<\/strong> en el cant\u00f3n <strong>Paquisha<\/strong>.<\/p>\n<p>Seg\u00fan explic\u00f3, la iniciativa se desarrolla en coordinaci\u00f3n con la <strong>concejal Rosa Paqui<\/strong>, dirigentes y presidentes de barrios del sector minero. La propuesta busca <strong>reconocer, respaldar y fomentar la miner\u00eda artesanal<\/strong>, una actividad considerada hist\u00f3rica y fundamental para el desarrollo econ\u00f3mico de la provincia.<\/p>\n<p>El proyecto normativo plantea el <strong>reconocimiento legal de los mineros artesanales<\/strong>, la <strong>creaci\u00f3n de un catastro minero cantonal<\/strong> y el <strong>acceso a programas de capacitaci\u00f3n, cr\u00e9dito y asistencia t\u00e9cnica<\/strong>, adem\u00e1s de promover <strong>mesas de di\u00e1logo entre el municipio, entidades p\u00fablicas y privadas<\/strong>.<\/p>\n<p>Pineda se\u00f1al\u00f3 que el prop\u00f3sito central es <strong>fortalecer las fuentes de empleo<\/strong> y <strong>agregar valor a las materias primas locales<\/strong>, promoviendo una convivencia arm\u00f3nica entre la miner\u00eda artesanal y la gran miner\u00eda. \u201cQueremos eliminar los conflictos sociales y crear un canal abierto de di\u00e1logo\u201d, manifest\u00f3.<\/p>\n<p>El dirigente subray\u00f3 la importancia de que el <strong>Municipio de Paquisha apruebe y respalde<\/strong> la ordenanza para garantizar su continuidad. \u201cAspiramos a que esta iniciativa se convierta en un ejemplo para otros cantones y sectores vinculados a la miner\u00eda\u201d, dijo.<\/p>\n<p>Durante la entrevista, Pineda tambi\u00e9n cuestion\u00f3 el <strong>incumplimiento de acuerdos<\/strong> alcanzados en la reuni\u00f3n realizada en la parroquia <strong>Panguintza<\/strong>, al se\u00f1alar que los compromisos asumidos por la <strong>Gobernaci\u00f3n y el Ministerio de Energ\u00eda y Minas<\/strong> a\u00fan no se han materializado.<\/p>\n<p>Asimismo, expres\u00f3 su preocupaci\u00f3n por las <strong>nuevas disposiciones gubernamentales<\/strong> que \u2014seg\u00fan afirm\u00f3\u2014 limitan el derecho de las organizaciones sociales a manifestarse frente a proyectos extractivos de gran escala, lo que podr\u00eda afectar a la miner\u00eda artesanal y a la soberan\u00eda territorial.<\/p>\n<p>Pineda hizo \u00e9nfasis adem\u00e1s en la necesidad de <strong>fortalecer la gesti\u00f3n educativa, vial y social<\/strong> en la provincia, se\u00f1alando que en varios casos <strong>la empresa privada ha asumido tareas que corresponden al Estado<\/strong>, especialmente en el mantenimiento vial y apoyo a instituciones educativas.<\/p>\n<p>Finalmente, el presidente de la C\u00e1mara anunci\u00f3 que el <strong>6 de noviembre<\/strong> se llev\u00f3 a cabo una <strong>reuni\u00f3n interna del gremio<\/strong> para analizar las pol\u00edticas gubernamentales y definir una <strong>posici\u00f3n institucional<\/strong> frente a la coyuntura nacional. Tambi\u00e9n invit\u00f3 a los medios de comunicaci\u00f3n a participar en un <strong>foro p\u00fablico<\/strong> para debatir, de manera t\u00e9cnica y transparente, los temas relacionados con la miner\u00eda y la pr\u00f3xima consulta popular.<\/p>\n","protected":false},"excerpt":{"rendered":"<p>El presidente de la C\u00e1mara de Miner\u00eda de Zamora Chinchipe y del Distrito Minero de Chinapintza, Paul Pineda, inform\u00f3 sobre el avance en la socializaci\u00f3n de la ordenanza para el fomento y reconocimiento de la miner\u00eda artesanal y la orfebrer\u00eda en el cant\u00f3n Paquisha. Seg\u00fan explic\u00f3, la iniciativa se desarrolla en coordinaci\u00f3n con la concejal [&hellip;]<\/p>\n","protected":false},"author":1,"featured_media":11895,"comment_status":"open","ping_status":"open","sticky":false,"template":"","format":"standard","meta":{"footnotes":""},"categories":[9],"tags":[],"_links":{"self":[{"href":"https:\/\/infozamoraec.com\/index.php\/wp-json\/wp\/v2\/posts\/17020"}],"collection":[{"href":"https:\/\/infozamoraec.com\/index.php\/wp-json\/wp\/v2\/posts"}],"about":[{"href":"https:\/\/infozamoraec.com\/index.php\/wp-json\/wp\/v2\/types\/post"}],"author":[{"embeddable":true,"href":"https:\/\/infozamoraec.com\/index.php\/wp-json\/wp\/v2\/users\/1"}],"replies":[{"embeddable":true,"href":"https:\/\/infozamoraec.com\/index.php\/wp-json\/wp\/v2\/comments?post=17020"}],"version-history":[{"count":1,"href":"https:\/\/infozamoraec.com\/index.php\/wp-json\/wp\/v2\/posts\/17020\/revisions"}],"predecessor-version":[{"id":17021,"href":"https:\/\/infozamoraec.com\/index.php\/wp-json\/wp\/v2\/posts\/17020\/revisions\/17021"}],"wp:featuredmedia":[{"embeddable":true,"href":"https:\/\/infozamoraec.com\/index.php\/wp-json\/wp\/v2\/media\/11895"}],"wp:attachment":[{"href":"https:\/\/infozamoraec.com\/index.php\/wp-json\/wp\/v2\/media?parent=17020"}],"wp:term":[{"taxonomy":"category","embeddable":true,"href":"https:\/\/infozamoraec.com\/index.php\/wp-json\/wp\/v2\/categories?post=17020"},{"taxonomy":"post_tag","embeddable":true,"href":"https:\/\/infozamoraec.com\/index.php\/wp-json\/wp\/v2\/tags?post=17020"}],"curies":[{"name":"wp","href":"https:\/\/api.w.org\/{rel}","templated":true}]}}