{"id":17013,"date":"2025-11-08T02:08:10","date_gmt":"2025-11-08T02:08:10","guid":{"rendered":"https:\/\/infozamoraec.com\/?p=17013"},"modified":"2025-11-08T02:08:10","modified_gmt":"2025-11-08T02:08:10","slug":"eerssa-inaugura-proyecto-electrico-en-beneficio-de-yantzaza-y-yacuambi","status":"publish","type":"post","link":"https:\/\/infozamoraec.com\/index.php\/2025\/11\/08\/eerssa-inaugura-proyecto-electrico-en-beneficio-de-yantzaza-y-yacuambi\/","title":{"rendered":"EERSSA inaugura proyecto el\u00e9ctrico en beneficio de Yantzaza y Yacuambi"},"content":{"rendered":"<p>La Empresa El\u00e9ctrica Regional del Sur (EERSSA) inaugur\u00f3 en la parroquia Chica\u00f1a el proyecto <strong>\u201cMejoramiento del Servicio de Energ\u00eda El\u00e9ctrica en Yacuambi y Chica\u00f1a\u201d<\/strong>, que cont\u00f3 con una inversi\u00f3n superior al mill\u00f3n de d\u00f3lares y permiti\u00f3 la instalaci\u00f3n de m\u00e1s de <strong>34 mil metros de redes de medio y bajo voltaje<\/strong>.<\/p>\n<p>El acto de entrega oficial estuvo presidido por <strong>Alfredo Z\u00fa\u00f1iga<\/strong>, presidente de la EERSSA, quien destac\u00f3 el trabajo conjunto con la <strong>Alcald\u00eda de Yantzaza<\/strong> para la ejecuci\u00f3n y seguimiento de la obra.<\/p>\n<p>En el evento participaron <strong>autoridades provinciales, cantonales y parroquiales<\/strong>, entre ellas la <strong>alcaldesa Mar\u00eda Lalangui<\/strong>, concejales, y representantes del <strong>GAD Parroquial de Chica\u00f1a<\/strong>, quienes resaltaron la importancia de este proyecto para fortalecer el servicio el\u00e9ctrico y mejorar la calidad de vida de los habitantes de la zona.<\/p>\n","protected":false},"excerpt":{"rendered":"<p>La Empresa El\u00e9ctrica Regional del Sur (EERSSA) inaugur\u00f3 en la parroquia Chica\u00f1a el proyecto \u201cMejoramiento del Servicio de Energ\u00eda El\u00e9ctrica en Yacuambi y Chica\u00f1a\u201d, que cont\u00f3 con una inversi\u00f3n superior al mill\u00f3n de d\u00f3lares y permiti\u00f3 la instalaci\u00f3n de m\u00e1s de 34 mil metros de redes de medio y bajo voltaje. El acto de entrega [&hellip;]<\/p>\n","protected":false},"author":1,"featured_media":17014,"comment_status":"open","ping_status":"open","sticky":false,"template":"","format":"standard","meta":{"footnotes":""},"categories":[9],"tags":[],"_links":{"self":[{"href":"https:\/\/infozamoraec.com\/index.php\/wp-json\/wp\/v2\/posts\/17013"}],"collection":[{"href":"https:\/\/infozamoraec.com\/index.php\/wp-json\/wp\/v2\/posts"}],"about":[{"href":"https:\/\/infozamoraec.com\/index.php\/wp-json\/wp\/v2\/types\/post"}],"author":[{"embeddable":true,"href":"https:\/\/infozamoraec.com\/index.php\/wp-json\/wp\/v2\/users\/1"}],"replies":[{"embeddable":true,"href":"https:\/\/infozamoraec.com\/index.php\/wp-json\/wp\/v2\/comments?post=17013"}],"version-history":[{"count":1,"href":"https:\/\/infozamoraec.com\/index.php\/wp-json\/wp\/v2\/posts\/17013\/revisions"}],"predecessor-version":[{"id":17015,"href":"https:\/\/infozamoraec.com\/index.php\/wp-json\/wp\/v2\/posts\/17013\/revisions\/17015"}],"wp:featuredmedia":[{"embeddable":true,"href":"https:\/\/infozamoraec.com\/index.php\/wp-json\/wp\/v2\/media\/17014"}],"wp:attachment":[{"href":"https:\/\/infozamoraec.com\/index.php\/wp-json\/wp\/v2\/media?parent=17013"}],"wp:term":[{"taxonomy":"category","embeddable":true,"href":"https:\/\/infozamoraec.com\/index.php\/wp-json\/wp\/v2\/categories?post=17013"},{"taxonomy":"post_tag","embeddable":true,"href":"https:\/\/infozamoraec.com\/index.php\/wp-json\/wp\/v2\/tags?post=17013"}],"curies":[{"name":"wp","href":"https:\/\/api.w.org\/{rel}","templated":true}]}}