{"id":17009,"date":"2025-11-07T02:35:45","date_gmt":"2025-11-07T02:35:45","guid":{"rendered":"https:\/\/infozamoraec.com\/?p=17009"},"modified":"2025-11-07T02:35:45","modified_gmt":"2025-11-07T02:35:45","slug":"javier-milei-descarta-liberalizar-el-cambio-del-peso","status":"publish","type":"post","link":"https:\/\/infozamoraec.com\/index.php\/2025\/11\/07\/javier-milei-descarta-liberalizar-el-cambio-del-peso\/","title":{"rendered":"Javier Milei descarta liberalizar el cambio del peso"},"content":{"rendered":"<p>El presidente de Argentina, Javier Milei, ha rechazado las peticiones de los inversores para que el precio del peso pase a flotar libremente tras su reciente victoria en los comicios legislativos de medio t\u00e9rmino, informa este jueves (06.11.2025) el &#8216;Financial Times&#8217; (FT). Milei prometi\u00f3 en una entrevista acelerar sus reformas de libre mercado y profundizar su alianza con el presidente estadounidense Donald Trump, cuyo pa\u00eds ha anunciado una l\u00ednea de cr\u00e9dito para Argentina de 20.000 millones de d\u00f3lares.<\/p>\n<p>Milei declar\u00f3 al peri\u00f3dico que mantendr\u00eda el peso dentro de bandas de fluctuaci\u00f3n cada vez m\u00e1s amplias frente al d\u00f3lar estadounidense al menos hasta las elecciones de finales de 2027, con el fin de controlar la volatilidad cr\u00f3nica de la moneda argentina. Los bancos de inversi\u00f3n, indica el diario econ\u00f3mico, argumentaron que Milei deber\u00eda aprovechar el renovado optimismo del mercado tras la victoria en las elecciones parciales para liberalizar el tipo de cambio y reconstruir las reservas despu\u00e9s de que el r\u00e9gimen actual sufriera tensiones cambiarias en octubre que obligaron a activar la intervenci\u00f3n del Banco Central.<\/p>\n<p>Milei consider\u00f3 que no tiene previsto modificar el dise\u00f1o de las bandas, cuyos l\u00edmites superior e inferior se expanden un 1 % mensual, y se\u00f1al\u00f3 que, a ese ritmo, ser\u00e1n \u00abmucho m\u00e1s amplias\u00bb en dos a\u00f1os. \u00abLas bandas est\u00e1n dise\u00f1adas para que se abran con el tiempo, y llegar\u00e1 el momento en que dejen de ser relevantes\u00bb, declar\u00f3.<\/p>\n<p>\u00ab\u00bfQu\u00e9 cree usted que vale m\u00e1s?\u00bb<br \/>\n\u00abTenemos que asegurarnos\u2026 de que podamos acabar con las ideas socialistas que han arruinado este pa\u00eds durante 100 a\u00f1os. Tenemos un programa y vamos a seguir adelante con \u00e9l\u00bb, declar\u00f3 Milei sobre la moneda. Scott Bessent, secretario del Tesoro, hab\u00eda dicho que har\u00eda lo que fuera necesario para rescatar a un aliado estrat\u00e9gico clave. Estados Unidos anunci\u00f3 despu\u00e9s un acuerdo de estabilizaci\u00f3n cambiaria de 20.000 millones de d\u00f3lares para Argentina.<\/p>\n<p>\u00abEl Tesoro de Estados Unidos intervino oportunamente cuando vio una oportunidad de negocio\u00bb, dijo Milei, refiri\u00e9ndose a la descripci\u00f3n que hizo Bessent de que el peso en octubre estaba \u00abinfravalorado\u00bb, algo que difer\u00eda de la opini\u00f3n de economistas locales, que sosten\u00edan que estaba sobrevalorado. \u00ab\u00bfQu\u00e9 cree usted que vale m\u00e1s?\u00bb, pregunt\u00f3 Milei. \u00ab\u00bfEl criterio de un experto que ha tenido mucho \u00e9xito y cuenta con el respaldo del Tesoro de Estados Unidos, como el Sr. Bessent&#8230; o el de un grupo de tontos locales?\u00bb, afirm\u00f3 el presidente argentino al FT.<\/p>\n<p>Milei argument\u00f3 que un aumento en la demanda de dinero en los pr\u00f3ximos meses, conforme se disipe la incertidumbre electoral y la econom\u00eda se reactive, facilitar\u00eda a las autoridades la compra de d\u00f3lares para las reservas del banco central.<\/p>\n<p>lgc (efe, reuters, financial times)<\/p>\n","protected":false},"excerpt":{"rendered":"<p>El presidente de Argentina, Javier Milei, ha rechazado las peticiones de los inversores para que el precio del peso pase a flotar libremente tras su reciente victoria en los comicios legislativos de medio t\u00e9rmino, informa este jueves (06.11.2025) el &#8216;Financial Times&#8217; (FT). Milei prometi\u00f3 en una entrevista acelerar sus reformas de libre mercado y profundizar [&hellip;]<\/p>\n","protected":false},"author":1,"featured_media":17010,"comment_status":"open","ping_status":"open","sticky":false,"template":"","format":"standard","meta":{"footnotes":""},"categories":[8],"tags":[],"_links":{"self":[{"href":"https:\/\/infozamoraec.com\/index.php\/wp-json\/wp\/v2\/posts\/17009"}],"collection":[{"href":"https:\/\/infozamoraec.com\/index.php\/wp-json\/wp\/v2\/posts"}],"about":[{"href":"https:\/\/infozamoraec.com\/index.php\/wp-json\/wp\/v2\/types\/post"}],"author":[{"embeddable":true,"href":"https:\/\/infozamoraec.com\/index.php\/wp-json\/wp\/v2\/users\/1"}],"replies":[{"embeddable":true,"href":"https:\/\/infozamoraec.com\/index.php\/wp-json\/wp\/v2\/comments?post=17009"}],"version-history":[{"count":1,"href":"https:\/\/infozamoraec.com\/index.php\/wp-json\/wp\/v2\/posts\/17009\/revisions"}],"predecessor-version":[{"id":17011,"href":"https:\/\/infozamoraec.com\/index.php\/wp-json\/wp\/v2\/posts\/17009\/revisions\/17011"}],"wp:featuredmedia":[{"embeddable":true,"href":"https:\/\/infozamoraec.com\/index.php\/wp-json\/wp\/v2\/media\/17010"}],"wp:attachment":[{"href":"https:\/\/infozamoraec.com\/index.php\/wp-json\/wp\/v2\/media?parent=17009"}],"wp:term":[{"taxonomy":"category","embeddable":true,"href":"https:\/\/infozamoraec.com\/index.php\/wp-json\/wp\/v2\/categories?post=17009"},{"taxonomy":"post_tag","embeddable":true,"href":"https:\/\/infozamoraec.com\/index.php\/wp-json\/wp\/v2\/tags?post=17009"}],"curies":[{"name":"wp","href":"https:\/\/api.w.org\/{rel}","templated":true}]}}