{"id":17006,"date":"2025-11-07T02:32:54","date_gmt":"2025-11-07T02:32:54","guid":{"rendered":"https:\/\/infozamoraec.com\/?p=17006"},"modified":"2025-11-07T02:32:54","modified_gmt":"2025-11-07T02:32:54","slug":"comienza-la-cumbre-de-lideres-de-la-cop30-en-brasil","status":"publish","type":"post","link":"https:\/\/infozamoraec.com\/index.php\/2025\/11\/07\/comienza-la-cumbre-de-lideres-de-la-cop30-en-brasil\/","title":{"rendered":"Comienza la cumbre de l\u00edderes de la COP30 en Brasil"},"content":{"rendered":"<p>La cumbre de l\u00edderes de la conferencia clim\u00e1tica de la ONU (COP30) arranc\u00f3 este jueves en la ciudad de Bel\u00e9m, en la Amazon\u00eda brasile\u00f1a, con la presencia de unos 60 jefes de Estado y de Gobierno, que buscar\u00e1n sentar las bases de trabajo para los negociadores. El presidente de Brasil, Luiz In\u00e1cio Lula da Silva, en calidad de anfitri\u00f3n, ser\u00e1 el encargado de pronunciar el discurso inaugural de esta cita que antecede a la propia cumbre clim\u00e1tica, la cual comenzar\u00e1 oficialmente el pr\u00f3ximo lunes.<\/p>\n<p>El l\u00edder progresista pretende impulsar la agenda de implementaci\u00f3n de lo ya pactado en anteriores reuniones, pues considera que \u00abmucha gente no est\u00e1 cumpliendo el Acuerdo de Par\u00eds\u00bb, del que se cumplen diez a\u00f1os desde su aprobaci\u00f3n por parte de 195 pa\u00edses. El encuentro de l\u00edderes se extender\u00e1 hasta este viernes y constar\u00e1 de una sesi\u00f3n plenaria y tres mesas de trabajo tem\u00e1ticas: clima y naturaleza, transici\u00f3n energ\u00e9tica y revisi\u00f3n del Acuerdo de Par\u00eds.<\/p>\n<p>Ausencias china y estadounidense<br \/>\nEntre los dirigentes que participar\u00e1n figuran Gabriel Boric (Chile), Gustavo Petro (Colombia), Emmanuel Macron (Francia), Friedrich Merz (Alemania), Pedro S\u00e1nchez (Espa\u00f1a), Keir Starmer (Reino Unido), Lu\u00eds Montenegro (Portugal) y Ahmed al Sharaa (Siria), seg\u00fan informaron fuentes oficiales brasile\u00f1as. La UE anunci\u00f3 ayer, justo antes de la cumbre, un acuerdo para fijar sus objetivos clim\u00e1ticos.<\/p>\n<p>Habr\u00e1 dos ausencias destacadas: los presidentes de China, Xi Jinping, y de Estados Unidos, Donald Trump, m\u00e1ximos representantes de los dos pa\u00edses m\u00e1s contaminantes del mundo y quienes declinaron la invitaci\u00f3n de Lula para acudir a Bel\u00e9m.<\/p>\n<p>Las reuniones empiezan tambi\u00e9n con otra noticia negativa: el a\u00f1o 2025 se perfila como uno de los m\u00e1s c\u00e1lidos jam\u00e1s registrados tras m\u00e1s de una d\u00e9cada de altas e in\u00e9ditas temperaturas, aunque la tendencia a\u00fan se puede revertir con medidas concretas, afirm\u00f3 hoy Naciones Unidas. Aunque este a\u00f1o no superar\u00e1 a 2024 como el m\u00e1s caluroso jam\u00e1s registrado, ocupar\u00e1 el segundo o tercer lugar, subray\u00f3 la agencia meteorol\u00f3gica y clim\u00e1tica de la ONU, que recientemente volvi\u00f3 a alertar sobre el calentamiento clim\u00e1tico.<\/p>\n<p>lgc (efe, afp)<\/p>\n","protected":false},"excerpt":{"rendered":"<p>La cumbre de l\u00edderes de la conferencia clim\u00e1tica de la ONU (COP30) arranc\u00f3 este jueves en la ciudad de Bel\u00e9m, en la Amazon\u00eda brasile\u00f1a, con la presencia de unos 60 jefes de Estado y de Gobierno, que buscar\u00e1n sentar las bases de trabajo para los negociadores. El presidente de Brasil, Luiz In\u00e1cio Lula da Silva, [&hellip;]<\/p>\n","protected":false},"author":1,"featured_media":17007,"comment_status":"open","ping_status":"open","sticky":false,"template":"","format":"standard","meta":{"footnotes":""},"categories":[8],"tags":[],"_links":{"self":[{"href":"https:\/\/infozamoraec.com\/index.php\/wp-json\/wp\/v2\/posts\/17006"}],"collection":[{"href":"https:\/\/infozamoraec.com\/index.php\/wp-json\/wp\/v2\/posts"}],"about":[{"href":"https:\/\/infozamoraec.com\/index.php\/wp-json\/wp\/v2\/types\/post"}],"author":[{"embeddable":true,"href":"https:\/\/infozamoraec.com\/index.php\/wp-json\/wp\/v2\/users\/1"}],"replies":[{"embeddable":true,"href":"https:\/\/infozamoraec.com\/index.php\/wp-json\/wp\/v2\/comments?post=17006"}],"version-history":[{"count":1,"href":"https:\/\/infozamoraec.com\/index.php\/wp-json\/wp\/v2\/posts\/17006\/revisions"}],"predecessor-version":[{"id":17008,"href":"https:\/\/infozamoraec.com\/index.php\/wp-json\/wp\/v2\/posts\/17006\/revisions\/17008"}],"wp:featuredmedia":[{"embeddable":true,"href":"https:\/\/infozamoraec.com\/index.php\/wp-json\/wp\/v2\/media\/17007"}],"wp:attachment":[{"href":"https:\/\/infozamoraec.com\/index.php\/wp-json\/wp\/v2\/media?parent=17006"}],"wp:term":[{"taxonomy":"category","embeddable":true,"href":"https:\/\/infozamoraec.com\/index.php\/wp-json\/wp\/v2\/categories?post=17006"},{"taxonomy":"post_tag","embeddable":true,"href":"https:\/\/infozamoraec.com\/index.php\/wp-json\/wp\/v2\/tags?post=17006"}],"curies":[{"name":"wp","href":"https:\/\/api.w.org\/{rel}","templated":true}]}}