{"id":17003,"date":"2025-11-07T02:31:08","date_gmt":"2025-11-07T02:31:08","guid":{"rendered":"https:\/\/infozamoraec.com\/?p=17003"},"modified":"2025-11-07T02:31:08","modified_gmt":"2025-11-07T02:31:08","slug":"peru-declara-persona-non-grata-a-la-presidenta-de-mexico","status":"publish","type":"post","link":"https:\/\/infozamoraec.com\/index.php\/2025\/11\/07\/peru-declara-persona-non-grata-a-la-presidenta-de-mexico\/","title":{"rendered":"Per\u00fa declara \u00abpersona non grata\u00bb a la presidenta de M\u00e9xico"},"content":{"rendered":"<p>El Congreso peruano declar\u00f3 este jueves (06.11.2025) a la presidenta de M\u00e9xico, Claudia Sheinbaum, como \u00abpersona non grata\u00bb por su \u00abinaceptable injerencia en asuntos internos\u00bb del pa\u00eds al otorgar asilo pol\u00edtico a la exjefa de gabinete Betssy Ch\u00e1vez.<\/p>\n<p>La moci\u00f3n presentada por partidos de derecha obtuvo 63 votos a favor y 33 en contra, adem\u00e1s de dos abstenciones. El Congreso sostiene que la mandataria mexicana mostr\u00f3 una conducta hostil hacia Per\u00fa desde que asumi\u00f3 su cargo.<\/p>\n<p>Per\u00fa rompi\u00f3 relaciones diplom\u00e1ticas con M\u00e9xico el lunes tras el asilo otorgado a Ch\u00e1vez, procesada por el fallido golpe de Estado de diciembre de 2022 del expresidente Pedro Castillo. Ch\u00e1vez permanece asilada en la residencia de la embajada mexicana.<\/p>\n<p>Tras la ruptura de las relaciones diplom\u00e1ticas, el presidente interino Jos\u00e9 Jer\u00ed anunci\u00f3 en su cuenta X \u00abque la encargada de la embajada de M\u00e9xico en Per\u00fa, Karla Ornela, fue informada por el canciller que tiene un plazo perentorio para abandonar\u00bb el pa\u00eds.<\/p>\n<p>Medida desproporcionada<br \/>\nComo respuesta, el gobierno mexicano consider\u00f3 \u00abexcesiva y desproporcionada\u00bb la decisi\u00f3n de Lima y defendi\u00f3 el asilo a Ch\u00e1vez como un \u00abacto leg\u00edtimo (&#8230;) y apegado a derecho internacional\u00bb que no interviene \u00aben modo alguno\u00bb en los asuntos internos de Per\u00fa.<\/p>\n<p>En marzo pasado comenz\u00f3 el juicio contra Ch\u00e1vez y el expresidente Castillo por el presunto delito de rebeli\u00f3n. La fiscal\u00eda pide 25 a\u00f1os de prisi\u00f3n para ella por haber participado como expresidenta del Consejo de Ministros en el presunto plan de Castillo.<\/p>\n<p>El 7 de diciembre de 2022, Castillo anunci\u00f3 su decisi\u00f3n de disolver el Congreso y convocar una Asamblea Constituyente. Ese d\u00eda iba a ser sometido a una moci\u00f3n de vacancia (destituci\u00f3n) bajo cargos de presunta corrupci\u00f3n. Sin respaldo militar, finalmente fue cesado con votos de bancadas de izquierda y derecha, y detenido por la polic\u00eda cuando se dirig\u00eda con su familia a la embajada de M\u00e9xico en Lima. Su esposa y sus dos hijos viven desde entonces asilados en ese pa\u00eds, lo que se podr\u00eda repetir con Betssy Ch\u00e1vez.<\/p>\n<p>(mn\/afp, efe)<\/p>\n<p>&nbsp;<\/p>\n","protected":false},"excerpt":{"rendered":"<p>El Congreso peruano declar\u00f3 este jueves (06.11.2025) a la presidenta de M\u00e9xico, Claudia Sheinbaum, como \u00abpersona non grata\u00bb por su \u00abinaceptable injerencia en asuntos internos\u00bb del pa\u00eds al otorgar asilo pol\u00edtico a la exjefa de gabinete Betssy Ch\u00e1vez. La moci\u00f3n presentada por partidos de derecha obtuvo 63 votos a favor y 33 en contra, adem\u00e1s [&hellip;]<\/p>\n","protected":false},"author":1,"featured_media":17004,"comment_status":"open","ping_status":"open","sticky":false,"template":"","format":"standard","meta":{"footnotes":""},"categories":[8],"tags":[],"_links":{"self":[{"href":"https:\/\/infozamoraec.com\/index.php\/wp-json\/wp\/v2\/posts\/17003"}],"collection":[{"href":"https:\/\/infozamoraec.com\/index.php\/wp-json\/wp\/v2\/posts"}],"about":[{"href":"https:\/\/infozamoraec.com\/index.php\/wp-json\/wp\/v2\/types\/post"}],"author":[{"embeddable":true,"href":"https:\/\/infozamoraec.com\/index.php\/wp-json\/wp\/v2\/users\/1"}],"replies":[{"embeddable":true,"href":"https:\/\/infozamoraec.com\/index.php\/wp-json\/wp\/v2\/comments?post=17003"}],"version-history":[{"count":1,"href":"https:\/\/infozamoraec.com\/index.php\/wp-json\/wp\/v2\/posts\/17003\/revisions"}],"predecessor-version":[{"id":17005,"href":"https:\/\/infozamoraec.com\/index.php\/wp-json\/wp\/v2\/posts\/17003\/revisions\/17005"}],"wp:featuredmedia":[{"embeddable":true,"href":"https:\/\/infozamoraec.com\/index.php\/wp-json\/wp\/v2\/media\/17004"}],"wp:attachment":[{"href":"https:\/\/infozamoraec.com\/index.php\/wp-json\/wp\/v2\/media?parent=17003"}],"wp:term":[{"taxonomy":"category","embeddable":true,"href":"https:\/\/infozamoraec.com\/index.php\/wp-json\/wp\/v2\/categories?post=17003"},{"taxonomy":"post_tag","embeddable":true,"href":"https:\/\/infozamoraec.com\/index.php\/wp-json\/wp\/v2\/tags?post=17003"}],"curies":[{"name":"wp","href":"https:\/\/api.w.org\/{rel}","templated":true}]}}