{"id":16976,"date":"2025-11-07T02:14:57","date_gmt":"2025-11-07T02:14:57","guid":{"rendered":"https:\/\/infozamoraec.com\/?p=16976"},"modified":"2025-11-07T02:14:57","modified_gmt":"2025-11-07T02:14:57","slug":"asalto-armado-en-el-pangui-deja-tres-personas-heridas-y-genera-preocupacion-en-la-comunidad","status":"publish","type":"post","link":"https:\/\/infozamoraec.com\/index.php\/2025\/11\/07\/asalto-armado-en-el-pangui-deja-tres-personas-heridas-y-genera-preocupacion-en-la-comunidad\/","title":{"rendered":"Asalto armado en El Pangui deja tres personas heridas y genera preocupaci\u00f3n en la comunidad"},"content":{"rendered":"<div class=\"xdj266r x14z9mp xat24cr x1lziwak x1vvkbs x126k92a\">\n<div dir=\"auto\">\n<p data-start=\"99\" data-end=\"492\">Un violento asalto a mano armada se registr\u00f3 la noche del <strong data-start=\"198\" data-end=\"226\">mi\u00e9rcoles 5 de noviembre<\/strong> en el <strong data-start=\"233\" data-end=\"254\">barrio Santa Rita<\/strong>, perteneciente al cant\u00f3n <strong data-start=\"280\" data-end=\"293\">El Pangui<\/strong>, dejando como resultado <strong data-start=\"318\" data-end=\"343\">tres personas heridas<\/strong>, miembros de una\u00a0 familia del sector. El hecho ha causado <strong data-start=\"412\" data-end=\"437\">alarma y preocupaci\u00f3n<\/strong> entre los habitantes de la parroquia <strong data-start=\"475\" data-end=\"489\" data-is-only-node=\"\">Pachicutza<\/strong>.<\/p>\n<p data-start=\"494\" data-end=\"792\">Tras el incidente, el <strong data-start=\"516\" data-end=\"551\">Cuerpo de Bomberos de El Pangui<\/strong> manifest\u00f3 su solidaridad con las v\u00edctimas y sus familiares a trav\u00e9s de un comunicado publicado en su cuenta oficial de <strong data-start=\"671\" data-end=\"683\">Facebook<\/strong>, en el que rechaz\u00f3 de manera categ\u00f3rica todo acto de violencia que ponga en riesgo la seguridad ciudadana.<\/p>\n<blockquote data-start=\"794\" data-end=\"950\">\n<p data-start=\"796\" data-end=\"950\">\u201cRechazamos en\u00e9rgicamente todo acto de violencia que atente contra la vida, la integridad y la seguridad de nuestros ciudadanos\u201d, indic\u00f3 la instituci\u00f3n.<\/p>\n<\/blockquote>\n<p data-start=\"952\" data-end=\"1183\">Asimismo, el organismo hizo un llamado a la comunidad y a las autoridades competentes a <strong data-start=\"1040\" data-end=\"1084\">reforzar la colaboraci\u00f3n y la vigilancia<\/strong> en el territorio, con el fin de restablecer la tranquilidad y prevenir nuevos hechos delictivos.<\/p>\n<p data-start=\"1185\" data-end=\"1380\">El Cuerpo de Bomberos reiter\u00f3 su compromiso de <strong data-start=\"1232\" data-end=\"1304\">trabajar de manera coordinada con las entidades locales y nacionales<\/strong> para fortalecer la seguridad y el bienestar de los habitantes del cant\u00f3n.<\/p>\n<p data-start=\"1382\" data-end=\"1562\" data-is-last-node=\"\" data-is-only-node=\"\">Hasta el momento, <strong data-start=\"1400\" data-end=\"1493\">no existe un pronunciamiento oficial por parte de las autoridades judiciales o policiales<\/strong> sobre el avance de las investigaciones relacionadas con este suceso.<\/p>\n<\/div>\n<\/div>\n","protected":false},"excerpt":{"rendered":"<p>Un violento asalto a mano armada se registr\u00f3 la noche del mi\u00e9rcoles 5 de noviembre en el barrio Santa Rita, perteneciente al cant\u00f3n El Pangui, dejando como resultado tres personas heridas, miembros de una\u00a0 familia del sector. El hecho ha causado alarma y preocupaci\u00f3n entre los habitantes de la parroquia Pachicutza. Tras el incidente, el [&hellip;]<\/p>\n","protected":false},"author":1,"featured_media":16977,"comment_status":"open","ping_status":"open","sticky":false,"template":"","format":"standard","meta":{"footnotes":""},"categories":[9],"tags":[],"_links":{"self":[{"href":"https:\/\/infozamoraec.com\/index.php\/wp-json\/wp\/v2\/posts\/16976"}],"collection":[{"href":"https:\/\/infozamoraec.com\/index.php\/wp-json\/wp\/v2\/posts"}],"about":[{"href":"https:\/\/infozamoraec.com\/index.php\/wp-json\/wp\/v2\/types\/post"}],"author":[{"embeddable":true,"href":"https:\/\/infozamoraec.com\/index.php\/wp-json\/wp\/v2\/users\/1"}],"replies":[{"embeddable":true,"href":"https:\/\/infozamoraec.com\/index.php\/wp-json\/wp\/v2\/comments?post=16976"}],"version-history":[{"count":1,"href":"https:\/\/infozamoraec.com\/index.php\/wp-json\/wp\/v2\/posts\/16976\/revisions"}],"predecessor-version":[{"id":16978,"href":"https:\/\/infozamoraec.com\/index.php\/wp-json\/wp\/v2\/posts\/16976\/revisions\/16978"}],"wp:featuredmedia":[{"embeddable":true,"href":"https:\/\/infozamoraec.com\/index.php\/wp-json\/wp\/v2\/media\/16977"}],"wp:attachment":[{"href":"https:\/\/infozamoraec.com\/index.php\/wp-json\/wp\/v2\/media?parent=16976"}],"wp:term":[{"taxonomy":"category","embeddable":true,"href":"https:\/\/infozamoraec.com\/index.php\/wp-json\/wp\/v2\/categories?post=16976"},{"taxonomy":"post_tag","embeddable":true,"href":"https:\/\/infozamoraec.com\/index.php\/wp-json\/wp\/v2\/tags?post=16976"}],"curies":[{"name":"wp","href":"https:\/\/api.w.org\/{rel}","templated":true}]}}