{"id":16968,"date":"2025-11-06T01:40:19","date_gmt":"2025-11-06T01:40:19","guid":{"rendered":"https:\/\/infozamoraec.com\/?p=16968"},"modified":"2025-11-06T01:40:19","modified_gmt":"2025-11-06T01:40:19","slug":"claudia-sheinbaum-sufre-acoso-sexual-en-ciudad-de-mexico","status":"publish","type":"post","link":"https:\/\/infozamoraec.com\/index.php\/2025\/11\/06\/claudia-sheinbaum-sufre-acoso-sexual-en-ciudad-de-mexico\/","title":{"rendered":"Claudia Sheinbaum sufre acoso sexual en Ciudad de M\u00e9xico"},"content":{"rendered":"<p>La presidenta de M\u00e9xico, Claudia Sheinbaum, sufri\u00f3 este martes (04.11.2025) acoso sexual callejero cuando un individuo la manose\u00f3 mientras caminaba y saludaba a simpatizantes en pleno centro de la capital mexicana. El sujeto, aparentemente ebrio y quien intent\u00f3 tambi\u00e9n besarla, fue detenido despu\u00e9s por el equipo de seguridad de Sheinbaum que, seg\u00fan videos, se mostr\u00f3 tensa tras el episodio.<\/p>\n<p>Sheinbaum ten\u00eda previsto que asistir a la primera reuni\u00f3n nacional de Universidades e Instituciones de Educaci\u00f3n Superior en las instalaciones de la Secretar\u00eda de Educaci\u00f3n P\u00fablica (SEP) por lo que decidi\u00f3 trasladarse a pie, ya que se encuentra a unas calles de Palacio Nacional. Por el camino, daba la mano y se tomaba fotograf\u00edas con ciudadanos que estaban en la zona, seg\u00fan videos divulgados en redes y medios. Sin ning\u00fan agente de seguridad a la vista que lo detuviera, el sujeto se acerc\u00f3 a Sheinbaum, le pas\u00f3 un brazo encima del hombro mientras con el otro le toc\u00f3 la cadera y el pecho, adem\u00e1s de intentar besarla en el cuello.<\/p>\n<p>Reci\u00e9n en ese momento, un miembro de la llamada Ayudant\u00eda Presidencial, responsable de resguardar a la mandataria, se acerc\u00f3 y apart\u00f3 al hombre, quien mostraba signos de estar drogado o ebrio. Ella apart\u00f3 suavemente sus manos, manteniendo una sonrisa forzada mientras se giraba para mirarlo. Pese a la agresi\u00f3n, Sheinbaum trat\u00f3 con gentileza al sujeto y accedi\u00f3 a tomarse una fotograf\u00eda con \u00e9l para luego darle una palmada en la espalda y continuar con su recorrido, seg\u00fan muestra uno de los videos. Se la oy\u00f3 decir, entre otras cosas: \u00abNo te preocupes\u00bb. La oficina de Presidencia no respondi\u00f3 de inmediato a la solicitud de comentarios sobre el incidente de AP, aunque s\u00ed se refirieron al tema otras instancias del gobierno.<\/p>\n<p>Repudio oficial ante un problema extendido<br \/>\nAutoridades de seguridad reportaron posteriormente la detenci\u00f3n del agresor, al que identificaron con nombre y apellido, quien fue puesto a disposici\u00f3n de la Fiscal\u00eda de Delitos Sexuales. Horas despu\u00e9s, la titular de la Secretar\u00eda (ministerio) de las Mujeres, Citlali Hern\u00e1ndez, emiti\u00f3 un pronunciamiento de repudio a la agresi\u00f3n. \u00abRepudiamos el acto que vivi\u00f3 hoy nuestra presidenta\u00bb, escribi\u00f3 Hern\u00e1ndez en X, donde denunci\u00f3 adem\u00e1s la \u00abvisi\u00f3n machista\u00bb y la normalizaci\u00f3n que algunos hombres hacen de la irrupci\u00f3n al espacio personal y al cuerpo de las mujeres.<\/p>\n","protected":false},"excerpt":{"rendered":"<p>La presidenta de M\u00e9xico, Claudia Sheinbaum, sufri\u00f3 este martes (04.11.2025) acoso sexual callejero cuando un individuo la manose\u00f3 mientras caminaba y saludaba a simpatizantes en pleno centro de la capital mexicana. El sujeto, aparentemente ebrio y quien intent\u00f3 tambi\u00e9n besarla, fue detenido despu\u00e9s por el equipo de seguridad de Sheinbaum que, seg\u00fan videos, se mostr\u00f3 [&hellip;]<\/p>\n","protected":false},"author":1,"featured_media":16969,"comment_status":"open","ping_status":"open","sticky":false,"template":"","format":"standard","meta":{"footnotes":""},"categories":[8],"tags":[],"_links":{"self":[{"href":"https:\/\/infozamoraec.com\/index.php\/wp-json\/wp\/v2\/posts\/16968"}],"collection":[{"href":"https:\/\/infozamoraec.com\/index.php\/wp-json\/wp\/v2\/posts"}],"about":[{"href":"https:\/\/infozamoraec.com\/index.php\/wp-json\/wp\/v2\/types\/post"}],"author":[{"embeddable":true,"href":"https:\/\/infozamoraec.com\/index.php\/wp-json\/wp\/v2\/users\/1"}],"replies":[{"embeddable":true,"href":"https:\/\/infozamoraec.com\/index.php\/wp-json\/wp\/v2\/comments?post=16968"}],"version-history":[{"count":1,"href":"https:\/\/infozamoraec.com\/index.php\/wp-json\/wp\/v2\/posts\/16968\/revisions"}],"predecessor-version":[{"id":16970,"href":"https:\/\/infozamoraec.com\/index.php\/wp-json\/wp\/v2\/posts\/16968\/revisions\/16970"}],"wp:featuredmedia":[{"embeddable":true,"href":"https:\/\/infozamoraec.com\/index.php\/wp-json\/wp\/v2\/media\/16969"}],"wp:attachment":[{"href":"https:\/\/infozamoraec.com\/index.php\/wp-json\/wp\/v2\/media?parent=16968"}],"wp:term":[{"taxonomy":"category","embeddable":true,"href":"https:\/\/infozamoraec.com\/index.php\/wp-json\/wp\/v2\/categories?post=16968"},{"taxonomy":"post_tag","embeddable":true,"href":"https:\/\/infozamoraec.com\/index.php\/wp-json\/wp\/v2\/tags?post=16968"}],"curies":[{"name":"wp","href":"https:\/\/api.w.org\/{rel}","templated":true}]}}