{"id":16965,"date":"2025-11-06T01:38:02","date_gmt":"2025-11-06T01:38:02","guid":{"rendered":"https:\/\/infozamoraec.com\/?p=16965"},"modified":"2025-11-06T01:38:02","modified_gmt":"2025-11-06T01:38:02","slug":"justicia-de-bolivia-anula-sentencia-contra-expresidenta-anez","status":"publish","type":"post","link":"https:\/\/infozamoraec.com\/index.php\/2025\/11\/06\/justicia-de-bolivia-anula-sentencia-contra-expresidenta-anez\/","title":{"rendered":"Justicia de Bolivia anula sentencia contra expresidenta A\u00f1ez"},"content":{"rendered":"<p>El m\u00e1ximo tribunal de justicia de Bolivia revoc\u00f3 la pena de 10 a\u00f1os de c\u00e1rcel contra la expresidenta Jeanine \u00c1\u00f1ez, indic\u00f3 el presidente de la corte este mi\u00e9rcoles (05.11.2025), y dispuso su liberaci\u00f3n.<\/p>\n<p>\u00c1\u00f1ez fue condenada en junio de 2022, acusada de haber asumido de forma ilegal la presidencia en 2019, cuando gobernaba Evo Morales. A\u00fan se mantiene recluida en un penal de La Paz.<\/p>\n<p>La exmandataria debe ser sometida a un \u00abjuicio de responsabilidades\u00bb de privilegio, previa autorizaci\u00f3n del Congreso y no por la v\u00eda penal com\u00fan, explic\u00f3 el presidente del Tribunal Supremo de Justicia, Romer Saucedo. Hubo \u00abvulneraciones al ordenamiento legal vigente, como as\u00ed tambi\u00e9n a los derechos de los cuales ella goza\u00bb, puntualiz\u00f3.<\/p>\n<p>\u00abNunca voy a arrepentirme de haber servido a mi patria cuando me necesit\u00f3\u00bb, expres\u00f3 \u00c1\u00f1ez el martes en la red social X. Tambi\u00e9n afirm\u00f3 que actu\u00f3 con \u00abla conciencia y el coraz\u00f3n firme, sabiendo que las decisiones dif\u00edciles tienen un precio\u00bb.<\/p>\n<p>La decisi\u00f3n del Tribunal de Justicia a\u00fan debe ser comunicada a un juez de La Paz para que tramite su liberaci\u00f3n.<\/p>\n<p>\u00c1\u00f1ez asumi\u00f3 la presidencia en 2019, en medio de una fuerte convulsi\u00f3n social, impulsada por la oposici\u00f3n que acus\u00f3 a Morales de haber hecho fraude para continuar en el poder hasta 2025.<\/p>\n<p>rr afp\/efe<\/p>\n","protected":false},"excerpt":{"rendered":"<p>El m\u00e1ximo tribunal de justicia de Bolivia revoc\u00f3 la pena de 10 a\u00f1os de c\u00e1rcel contra la expresidenta Jeanine \u00c1\u00f1ez, indic\u00f3 el presidente de la corte este mi\u00e9rcoles (05.11.2025), y dispuso su liberaci\u00f3n. \u00c1\u00f1ez fue condenada en junio de 2022, acusada de haber asumido de forma ilegal la presidencia en 2019, cuando gobernaba Evo Morales. [&hellip;]<\/p>\n","protected":false},"author":1,"featured_media":16966,"comment_status":"open","ping_status":"open","sticky":false,"template":"","format":"standard","meta":{"footnotes":""},"categories":[8],"tags":[],"_links":{"self":[{"href":"https:\/\/infozamoraec.com\/index.php\/wp-json\/wp\/v2\/posts\/16965"}],"collection":[{"href":"https:\/\/infozamoraec.com\/index.php\/wp-json\/wp\/v2\/posts"}],"about":[{"href":"https:\/\/infozamoraec.com\/index.php\/wp-json\/wp\/v2\/types\/post"}],"author":[{"embeddable":true,"href":"https:\/\/infozamoraec.com\/index.php\/wp-json\/wp\/v2\/users\/1"}],"replies":[{"embeddable":true,"href":"https:\/\/infozamoraec.com\/index.php\/wp-json\/wp\/v2\/comments?post=16965"}],"version-history":[{"count":1,"href":"https:\/\/infozamoraec.com\/index.php\/wp-json\/wp\/v2\/posts\/16965\/revisions"}],"predecessor-version":[{"id":16967,"href":"https:\/\/infozamoraec.com\/index.php\/wp-json\/wp\/v2\/posts\/16965\/revisions\/16967"}],"wp:featuredmedia":[{"embeddable":true,"href":"https:\/\/infozamoraec.com\/index.php\/wp-json\/wp\/v2\/media\/16966"}],"wp:attachment":[{"href":"https:\/\/infozamoraec.com\/index.php\/wp-json\/wp\/v2\/media?parent=16965"}],"wp:term":[{"taxonomy":"category","embeddable":true,"href":"https:\/\/infozamoraec.com\/index.php\/wp-json\/wp\/v2\/categories?post=16965"},{"taxonomy":"post_tag","embeddable":true,"href":"https:\/\/infozamoraec.com\/index.php\/wp-json\/wp\/v2\/tags?post=16965"}],"curies":[{"name":"wp","href":"https:\/\/api.w.org\/{rel}","templated":true}]}}