{"id":16962,"date":"2025-11-06T01:51:33","date_gmt":"2025-11-06T01:51:33","guid":{"rendered":"https:\/\/infozamoraec.com\/?p=16962"},"modified":"2025-11-06T01:51:33","modified_gmt":"2025-11-06T01:51:33","slug":"inicio-en-zamora-la-marcha-nacional-chaski-por-los-derechos-y-la-vida","status":"publish","type":"post","link":"https:\/\/infozamoraec.com\/index.php\/2025\/11\/06\/inicio-en-zamora-la-marcha-nacional-chaski-por-los-derechos-y-la-vida\/","title":{"rendered":"Inici\u00f3 en Zamora la marcha nacional \u201cChaski por los Derechos y la Vida\u201d"},"content":{"rendered":"<p>Este 4 de noviembre se dio inicio en la ciudad de Zamora a la marcha nacional denominada \u201cChaski por los Derechos y la Vida\u201d, una movilizaci\u00f3n que recorrer\u00e1 varias provincias del pa\u00eds hasta llegar a Quito el 13 de noviembre. El evento tiene como objetivo expresar el rechazo a la consulta popular y a una eventual convocatoria a una nueva Asamblea Constituyente impulsada por el Gobierno Nacional.<\/p>\n<p>El punto de partida fue el Malec\u00f3n de Zamora, donde se congregaron ciudadanos de distintos sectores sociales y organizaciones. La jornada cont\u00f3 con un acto cultural de apertura que incluy\u00f3 interpretaciones musicales de car\u00e1cter ancestral, con las que los asistentes buscaron representar la unidad y la identidad de los pueblos andinos.<\/p>\n<p>Durante la actividad, varios dirigentes sociales y exasamble\u00edstas, entre ellos Jorge Sarango, manifestaron su oposici\u00f3n a una nueva constituyente, argumentando que el pa\u00eds cuenta con un marco jur\u00eddico suficiente y que los problemas nacionales deben abordarse mediante la aplicaci\u00f3n de la ley y la gesti\u00f3n p\u00fablica eficiente.<\/p>\n<p>Asimismo, representantes de organizaciones ind\u00edgenas, como Jimy Tene de Zamaskijat, advirtieron sobre el riesgo de modificar art\u00edculos constitucionales relacionados con la protecci\u00f3n de la Amazon\u00eda y los derechos ciudadanos, se\u00f1alando que una reforma constitucional podr\u00eda afectar conquistas sociales alcanzadas en a\u00f1os anteriores.<\/p>\n<p>El exasamble\u00edsta Salvador Quishpe present\u00f3 la hoja de ruta de la marcha, la cual contempla el recorrido por provincias como Loja, Azuay, Ca\u00f1ar, Chimborazo, Tungurahua y Cotopaxi, con actividades informativas y foros de reflexi\u00f3n en cada parada.<\/p>\n<p>La movilizaci\u00f3n re\u00fane a representantes de organizaciones sociales, colectivos ciudadanos y comunidades ind\u00edgenas, que promueven el debate sobre los derechos, la soberan\u00eda y la administraci\u00f3n de los recursos p\u00fablicos.<\/p>\n<p>Seg\u00fan los organizadores, la iniciativa busca fortalecer la participaci\u00f3n ciudadana y promover un di\u00e1logo nacional sobre la situaci\u00f3n pol\u00edtica y social del pa\u00eds, en un marco de respeto y ejercicio democr\u00e1tico.<\/p>\n","protected":false},"excerpt":{"rendered":"<p>Este 4 de noviembre se dio inicio en la ciudad de Zamora a la marcha nacional denominada \u201cChaski por los Derechos y la Vida\u201d, una movilizaci\u00f3n que recorrer\u00e1 varias provincias del pa\u00eds hasta llegar a Quito el 13 de noviembre. El evento tiene como objetivo expresar el rechazo a la consulta popular y a una [&hellip;]<\/p>\n","protected":false},"author":1,"featured_media":16971,"comment_status":"open","ping_status":"open","sticky":false,"template":"","format":"standard","meta":{"footnotes":""},"categories":[9],"tags":[],"_links":{"self":[{"href":"https:\/\/infozamoraec.com\/index.php\/wp-json\/wp\/v2\/posts\/16962"}],"collection":[{"href":"https:\/\/infozamoraec.com\/index.php\/wp-json\/wp\/v2\/posts"}],"about":[{"href":"https:\/\/infozamoraec.com\/index.php\/wp-json\/wp\/v2\/types\/post"}],"author":[{"embeddable":true,"href":"https:\/\/infozamoraec.com\/index.php\/wp-json\/wp\/v2\/users\/1"}],"replies":[{"embeddable":true,"href":"https:\/\/infozamoraec.com\/index.php\/wp-json\/wp\/v2\/comments?post=16962"}],"version-history":[{"count":1,"href":"https:\/\/infozamoraec.com\/index.php\/wp-json\/wp\/v2\/posts\/16962\/revisions"}],"predecessor-version":[{"id":16972,"href":"https:\/\/infozamoraec.com\/index.php\/wp-json\/wp\/v2\/posts\/16962\/revisions\/16972"}],"wp:featuredmedia":[{"embeddable":true,"href":"https:\/\/infozamoraec.com\/index.php\/wp-json\/wp\/v2\/media\/16971"}],"wp:attachment":[{"href":"https:\/\/infozamoraec.com\/index.php\/wp-json\/wp\/v2\/media?parent=16962"}],"wp:term":[{"taxonomy":"category","embeddable":true,"href":"https:\/\/infozamoraec.com\/index.php\/wp-json\/wp\/v2\/categories?post=16962"},{"taxonomy":"post_tag","embeddable":true,"href":"https:\/\/infozamoraec.com\/index.php\/wp-json\/wp\/v2\/tags?post=16962"}],"curies":[{"name":"wp","href":"https:\/\/api.w.org\/{rel}","templated":true}]}}