{"id":16961,"date":"2025-11-06T01:36:31","date_gmt":"2025-11-06T01:36:31","guid":{"rendered":"https:\/\/infozamoraec.com\/?p=16961"},"modified":"2025-11-06T01:36:31","modified_gmt":"2025-11-06T01:36:31","slug":"capturan-en-madrid-a-lider-de-organizacion-criminal-de-peru","status":"publish","type":"post","link":"https:\/\/infozamoraec.com\/index.php\/2025\/11\/06\/capturan-en-madrid-a-lider-de-organizacion-criminal-de-peru\/","title":{"rendered":"Capturan en Madrid a l\u00edder de organizaci\u00f3n criminal de Per\u00fa"},"content":{"rendered":"<p>Un l\u00edder de una organizaci\u00f3n criminal dedicada a la extorsi\u00f3n y el sicariato en Per\u00fa fue capturado el mi\u00e9rcoles (05.11.2025) en Madrid, inform\u00f3 el Ministerio del Interior peruano, que calific\u00f3 la detenci\u00f3n como un logro \u00absignificativo en la lucha contra el crimen organizado transnacional\u00bb.<\/p>\n<p>\u00abTras un paciente trabajo de inteligencia, la polic\u00eda en coordinaci\u00f3n con la divisi\u00f3n contra la ciberdelincuencia de Madrid, captur\u00f3 hoy en Espa\u00f1a a Miguel \u00c1ngel Mar\u00edn, miembro de una organizaci\u00f3n criminal\u00bb, indic\u00f3 el Ministerio en un comunicado.<\/p>\n<p>Sobre el detenido pesaba una la alerta roja internacional por los delitos de organizaci\u00f3n criminal, sicariato, extorsi\u00f3n y lesiones graves.<\/p>\n<p>Mar\u00edn \u00abestaba vinculado a asesinatos y m\u00faltiples extorsiones a transportistas, artistas y empresarios\u00bb, se\u00f1al\u00f3 la polic\u00eda.<\/p>\n<p>En septiembre, Erick Moreno, otro l\u00edder de una organizaci\u00f3n criminal dedicada a la extorsi\u00f3n y sicariato en Per\u00fa, pr\u00f3fugo desde 2022, fue capturado en Paraguay.<\/p>\n<p>La extorsi\u00f3n se ha expandido desde el 2024 de manera significativa en el pa\u00eds y en particular en la capital.<\/p>\n<p>Las denuncias por este delito pasaron de 2.396 en 2023 a 15.336 en 2024, un aumento del 540%. Lima encabez\u00f3 el registro, seg\u00fan cifras oficiales.<\/p>\n<p>La crisis de inseguridad precipit\u00f3 la destituci\u00f3n de la mandataria Dina Boluarte el 10 de octubre. Su sucesor, Jos\u00e9 Jer\u00ed, decret\u00f3 el estado de emergencia el 22 de octubre en Lima y envi\u00f3 a los militares a las calles.<\/p>\n<p>gs (afp, Per\u00fa 21)<\/p>\n","protected":false},"excerpt":{"rendered":"<p>Un l\u00edder de una organizaci\u00f3n criminal dedicada a la extorsi\u00f3n y el sicariato en Per\u00fa fue capturado el mi\u00e9rcoles (05.11.2025) en Madrid, inform\u00f3 el Ministerio del Interior peruano, que calific\u00f3 la detenci\u00f3n como un logro \u00absignificativo en la lucha contra el crimen organizado transnacional\u00bb. \u00abTras un paciente trabajo de inteligencia, la polic\u00eda en coordinaci\u00f3n con [&hellip;]<\/p>\n","protected":false},"author":1,"featured_media":16963,"comment_status":"open","ping_status":"open","sticky":false,"template":"","format":"standard","meta":{"footnotes":""},"categories":[8],"tags":[],"_links":{"self":[{"href":"https:\/\/infozamoraec.com\/index.php\/wp-json\/wp\/v2\/posts\/16961"}],"collection":[{"href":"https:\/\/infozamoraec.com\/index.php\/wp-json\/wp\/v2\/posts"}],"about":[{"href":"https:\/\/infozamoraec.com\/index.php\/wp-json\/wp\/v2\/types\/post"}],"author":[{"embeddable":true,"href":"https:\/\/infozamoraec.com\/index.php\/wp-json\/wp\/v2\/users\/1"}],"replies":[{"embeddable":true,"href":"https:\/\/infozamoraec.com\/index.php\/wp-json\/wp\/v2\/comments?post=16961"}],"version-history":[{"count":1,"href":"https:\/\/infozamoraec.com\/index.php\/wp-json\/wp\/v2\/posts\/16961\/revisions"}],"predecessor-version":[{"id":16964,"href":"https:\/\/infozamoraec.com\/index.php\/wp-json\/wp\/v2\/posts\/16961\/revisions\/16964"}],"wp:featuredmedia":[{"embeddable":true,"href":"https:\/\/infozamoraec.com\/index.php\/wp-json\/wp\/v2\/media\/16963"}],"wp:attachment":[{"href":"https:\/\/infozamoraec.com\/index.php\/wp-json\/wp\/v2\/media?parent=16961"}],"wp:term":[{"taxonomy":"category","embeddable":true,"href":"https:\/\/infozamoraec.com\/index.php\/wp-json\/wp\/v2\/categories?post=16961"},{"taxonomy":"post_tag","embeddable":true,"href":"https:\/\/infozamoraec.com\/index.php\/wp-json\/wp\/v2\/tags?post=16961"}],"curies":[{"name":"wp","href":"https:\/\/api.w.org\/{rel}","templated":true}]}}