{"id":16949,"date":"2025-11-06T01:30:41","date_gmt":"2025-11-06T01:30:41","guid":{"rendered":"https:\/\/infozamoraec.com\/?p=16949"},"modified":"2025-11-06T01:30:41","modified_gmt":"2025-11-06T01:30:41","slug":"ecuador-recibe-apoyo-del-bid-por-usd-250-millones-para-salud","status":"publish","type":"post","link":"https:\/\/infozamoraec.com\/index.php\/2025\/11\/06\/ecuador-recibe-apoyo-del-bid-por-usd-250-millones-para-salud\/","title":{"rendered":"Ecuador recibe apoyo del BID por USD 250 millones para salud"},"content":{"rendered":"<p>A trav\u00e9s de su cuenta de X, el Gobierno Nacional indic\u00f3 que Ecuador recibir\u00e1 250 millones de d\u00f3lares en apoyo para fortalecer el sistema de salud. Esto se dio luego de una reuni\u00f3n entre el residente Daniel Noboa, en las que se firmaron acuerdos, y el vicepresidente ejecutivo del BID, Jordan Schwartz, y el director por Ecuador, Roberto Izurieta, en la que se revisaron los proyectos de cooperaci\u00f3n en salud y desarrollo social.<\/p>\n<p>Noboa logr\u00f3 el apoyo del multiral tras presentar la propuesta del proyecto llamado \u00abMejora de la calidad de los servicios de prevenci\u00f3n, diagn\u00f3stico y tratamiento de enfermedades cr\u00f3nicas no transmisibles\u00ab, el cual buscaba optimizar la compra y distribuci\u00f3n de medicamentos, ampliar la cobertura de atenci\u00f3n y elevar la calidad de los servicios dirigidos a pacientes con enfermedades como diabetes, hipertensi\u00f3n y c\u00e1ncer.<\/p>\n<p>La Presidencia indic\u00f3 que los recursos permitir\u00e1n mejorar la capacidad de respuesta del sistema p\u00fablico de salud, modernizar la infraestructura m\u00e9dica y fortalecer los programas de prevenci\u00f3n y atenci\u00f3n primaria en beneficio de la poblaci\u00f3n. (I)<\/p>\n<p>XFacebookMessengerWhatsAppThreadsPinterestLinkedInEmailPrintCopy Link<\/p>\n","protected":false},"excerpt":{"rendered":"<p>A trav\u00e9s de su cuenta de X, el Gobierno Nacional indic\u00f3 que Ecuador recibir\u00e1 250 millones de d\u00f3lares en apoyo para fortalecer el sistema de salud. Esto se dio luego de una reuni\u00f3n entre el residente Daniel Noboa, en las que se firmaron acuerdos, y el vicepresidente ejecutivo del BID, Jordan Schwartz, y el director [&hellip;]<\/p>\n","protected":false},"author":1,"featured_media":16953,"comment_status":"open","ping_status":"open","sticky":false,"template":"","format":"standard","meta":{"footnotes":""},"categories":[12],"tags":[],"_links":{"self":[{"href":"https:\/\/infozamoraec.com\/index.php\/wp-json\/wp\/v2\/posts\/16949"}],"collection":[{"href":"https:\/\/infozamoraec.com\/index.php\/wp-json\/wp\/v2\/posts"}],"about":[{"href":"https:\/\/infozamoraec.com\/index.php\/wp-json\/wp\/v2\/types\/post"}],"author":[{"embeddable":true,"href":"https:\/\/infozamoraec.com\/index.php\/wp-json\/wp\/v2\/users\/1"}],"replies":[{"embeddable":true,"href":"https:\/\/infozamoraec.com\/index.php\/wp-json\/wp\/v2\/comments?post=16949"}],"version-history":[{"count":1,"href":"https:\/\/infozamoraec.com\/index.php\/wp-json\/wp\/v2\/posts\/16949\/revisions"}],"predecessor-version":[{"id":16954,"href":"https:\/\/infozamoraec.com\/index.php\/wp-json\/wp\/v2\/posts\/16949\/revisions\/16954"}],"wp:featuredmedia":[{"embeddable":true,"href":"https:\/\/infozamoraec.com\/index.php\/wp-json\/wp\/v2\/media\/16953"}],"wp:attachment":[{"href":"https:\/\/infozamoraec.com\/index.php\/wp-json\/wp\/v2\/media?parent=16949"}],"wp:term":[{"taxonomy":"category","embeddable":true,"href":"https:\/\/infozamoraec.com\/index.php\/wp-json\/wp\/v2\/categories?post=16949"},{"taxonomy":"post_tag","embeddable":true,"href":"https:\/\/infozamoraec.com\/index.php\/wp-json\/wp\/v2\/tags?post=16949"}],"curies":[{"name":"wp","href":"https:\/\/api.w.org\/{rel}","templated":true}]}}