{"id":16946,"date":"2025-11-06T01:27:36","date_gmt":"2025-11-06T01:27:36","guid":{"rendered":"https:\/\/infozamoraec.com\/?p=16946"},"modified":"2025-11-06T01:27:36","modified_gmt":"2025-11-06T01:27:36","slug":"zumba-celebro-con-exito-el-segundo-festival-de-la-colada-morada-y-guagua-de-pan","status":"publish","type":"post","link":"https:\/\/infozamoraec.com\/index.php\/2025\/11\/06\/zumba-celebro-con-exito-el-segundo-festival-de-la-colada-morada-y-guagua-de-pan\/","title":{"rendered":"Zumba celebr\u00f3 con \u00e9xito el Segundo Festival de la Colada Morada y Guagua de Pan"},"content":{"rendered":"<p>El pasado 2 de noviembre, la ciudad de Zumba, en el cant\u00f3n Chinchipe, vivi\u00f3 una jornada llena de tradici\u00f3n y alegr\u00eda con la realizaci\u00f3n del Segundo Festival de la Colada Morada y Guagua de Pan, evento que reuni\u00f3 a m\u00e1s de 25 emprendedores locales, quienes presentaron sus mejores recetas en un ambiente festivo y colorido.<\/p>\n<p>La actividad destac\u00f3 por su decoraci\u00f3n tem\u00e1tica y participaci\u00f3n comunitaria, donde los asistentes disfrutaron de los sabores t\u00edpicos de la temporada, fortaleciendo las tradiciones que forman parte del patrimonio cultural del cant\u00f3n.<\/p>\n<p>En representaci\u00f3n del alcalde\u00a0 Henrry Ord\u00f3\u00f1ez, la vicealcaldesa Jhoana Vel\u00e1squez acompa\u00f1\u00f3 el evento y entreg\u00f3 incentivos a todos los participantes, adem\u00e1s de premiar a los cuatro primeros lugares por la calidad y presentaci\u00f3n de sus productos.<\/p>\n<p>Las autoridades locales expresaron su agradecimiento a los emprendedores y ciudadanos por su compromiso en mantener vivas las costumbres ancestrales que fortalecen la identidad cultural de Chinchipe y promueven la uni\u00f3n comunitaria.<\/p>\n","protected":false},"excerpt":{"rendered":"<p>El pasado 2 de noviembre, la ciudad de Zumba, en el cant\u00f3n Chinchipe, vivi\u00f3 una jornada llena de tradici\u00f3n y alegr\u00eda con la realizaci\u00f3n del Segundo Festival de la Colada Morada y Guagua de Pan, evento que reuni\u00f3 a m\u00e1s de 25 emprendedores locales, quienes presentaron sus mejores recetas en un ambiente festivo y colorido. [&hellip;]<\/p>\n","protected":false},"author":1,"featured_media":16947,"comment_status":"open","ping_status":"open","sticky":false,"template":"","format":"standard","meta":{"footnotes":""},"categories":[9],"tags":[],"_links":{"self":[{"href":"https:\/\/infozamoraec.com\/index.php\/wp-json\/wp\/v2\/posts\/16946"}],"collection":[{"href":"https:\/\/infozamoraec.com\/index.php\/wp-json\/wp\/v2\/posts"}],"about":[{"href":"https:\/\/infozamoraec.com\/index.php\/wp-json\/wp\/v2\/types\/post"}],"author":[{"embeddable":true,"href":"https:\/\/infozamoraec.com\/index.php\/wp-json\/wp\/v2\/users\/1"}],"replies":[{"embeddable":true,"href":"https:\/\/infozamoraec.com\/index.php\/wp-json\/wp\/v2\/comments?post=16946"}],"version-history":[{"count":1,"href":"https:\/\/infozamoraec.com\/index.php\/wp-json\/wp\/v2\/posts\/16946\/revisions"}],"predecessor-version":[{"id":16948,"href":"https:\/\/infozamoraec.com\/index.php\/wp-json\/wp\/v2\/posts\/16946\/revisions\/16948"}],"wp:featuredmedia":[{"embeddable":true,"href":"https:\/\/infozamoraec.com\/index.php\/wp-json\/wp\/v2\/media\/16947"}],"wp:attachment":[{"href":"https:\/\/infozamoraec.com\/index.php\/wp-json\/wp\/v2\/media?parent=16946"}],"wp:term":[{"taxonomy":"category","embeddable":true,"href":"https:\/\/infozamoraec.com\/index.php\/wp-json\/wp\/v2\/categories?post=16946"},{"taxonomy":"post_tag","embeddable":true,"href":"https:\/\/infozamoraec.com\/index.php\/wp-json\/wp\/v2\/tags?post=16946"}],"curies":[{"name":"wp","href":"https:\/\/api.w.org\/{rel}","templated":true}]}}