{"id":16923,"date":"2025-11-01T15:14:27","date_gmt":"2025-11-01T15:14:27","guid":{"rendered":"https:\/\/infozamoraec.com\/?p=16923"},"modified":"2025-11-01T15:14:27","modified_gmt":"2025-11-01T15:14:27","slug":"detenidos-presuntos-implicados-en-hecho-violento-en-centinela-del-condor","status":"publish","type":"post","link":"https:\/\/infozamoraec.com\/index.php\/2025\/11\/01\/detenidos-presuntos-implicados-en-hecho-violento-en-centinela-del-condor\/","title":{"rendered":"Detenidos presuntos implicados en hecho violento en Centinela del C\u00f3ndor"},"content":{"rendered":"<p>Mediante labores de inteligencia y seguimiento, la Polic\u00eda Nacional del Ecuador logr\u00f3 la detenci\u00f3n de dos personas presuntamente involucradas en el hecho violento registrado la noche del jueves en el cant\u00f3n Centinela del C\u00f3ndor, provincia de Zamora Chinchipe, donde un ciudadano perdi\u00f3 la vida a causa de heridas provocadas con arma blanca.<\/p>\n<p>El hecho se produjo alrededor de las 23h35, en la localidad de Zumbi, cerca de un\u00a0 bar de la localidad, en la v\u00eda que conduce hacia Paquisha. En el lugar fue hallado sin vida Jefferson J. C., de 29 a\u00f1os, quien presentaba m\u00faltiples heridas causadas con un objeto punzocortante. La alerta fue emitida al ECU 911, y al llegar al sitio los agentes confirmaron el deceso, mientras param\u00e9dicos del Cuerpo de Bomberos verificaron que la v\u00edctima ya no ten\u00eda signos vitales.<\/p>\n<p>El \u00e1rea fue acordonada para realizar las diligencias de ley con la intervenci\u00f3n de Criminal\u00edstica, Medicina Legal, Polic\u00eda Judicial, DINASED y el Fiscal de turno, quienes iniciaron las investigaciones para esclarecer las circunstancias del crimen y determinar responsabilidades.<\/p>\n<p>Tras un operativo coordinado, la Polic\u00eda Nacional captur\u00f3 a los presuntos implicados, quienes fueron puestos a \u00f3rdenes de las autoridades competentes. La instituci\u00f3n policial reiter\u00f3 su compromiso con la seguridad ciudadana, se\u00f1alando que \u201cno importa d\u00f3nde se escondan, ser\u00e1n encontrados y llevados ante la justicia\u201d.<\/p>\n<p>Las autoridades mantienen operativos y patrullajes en la zona con el prop\u00f3sito de garantizar la tranquilidad de los habitantes y reforzar las acciones de control ante los recientes hechos violentos ocurridos en la provincia.<\/p>\n","protected":false},"excerpt":{"rendered":"<p>Mediante labores de inteligencia y seguimiento, la Polic\u00eda Nacional del Ecuador logr\u00f3 la detenci\u00f3n de dos personas presuntamente involucradas en el hecho violento registrado la noche del jueves en el cant\u00f3n Centinela del C\u00f3ndor, provincia de Zamora Chinchipe, donde un ciudadano perdi\u00f3 la vida a causa de heridas provocadas con arma blanca. El hecho se [&hellip;]<\/p>\n","protected":false},"author":1,"featured_media":16924,"comment_status":"open","ping_status":"open","sticky":false,"template":"","format":"standard","meta":{"footnotes":""},"categories":[9],"tags":[],"_links":{"self":[{"href":"https:\/\/infozamoraec.com\/index.php\/wp-json\/wp\/v2\/posts\/16923"}],"collection":[{"href":"https:\/\/infozamoraec.com\/index.php\/wp-json\/wp\/v2\/posts"}],"about":[{"href":"https:\/\/infozamoraec.com\/index.php\/wp-json\/wp\/v2\/types\/post"}],"author":[{"embeddable":true,"href":"https:\/\/infozamoraec.com\/index.php\/wp-json\/wp\/v2\/users\/1"}],"replies":[{"embeddable":true,"href":"https:\/\/infozamoraec.com\/index.php\/wp-json\/wp\/v2\/comments?post=16923"}],"version-history":[{"count":1,"href":"https:\/\/infozamoraec.com\/index.php\/wp-json\/wp\/v2\/posts\/16923\/revisions"}],"predecessor-version":[{"id":16925,"href":"https:\/\/infozamoraec.com\/index.php\/wp-json\/wp\/v2\/posts\/16923\/revisions\/16925"}],"wp:featuredmedia":[{"embeddable":true,"href":"https:\/\/infozamoraec.com\/index.php\/wp-json\/wp\/v2\/media\/16924"}],"wp:attachment":[{"href":"https:\/\/infozamoraec.com\/index.php\/wp-json\/wp\/v2\/media?parent=16923"}],"wp:term":[{"taxonomy":"category","embeddable":true,"href":"https:\/\/infozamoraec.com\/index.php\/wp-json\/wp\/v2\/categories?post=16923"},{"taxonomy":"post_tag","embeddable":true,"href":"https:\/\/infozamoraec.com\/index.php\/wp-json\/wp\/v2\/tags?post=16923"}],"curies":[{"name":"wp","href":"https:\/\/api.w.org\/{rel}","templated":true}]}}