{"id":16918,"date":"2025-11-01T14:33:55","date_gmt":"2025-11-01T14:33:55","guid":{"rendered":"https:\/\/infozamoraec.com\/?p=16918"},"modified":"2025-11-01T14:34:40","modified_gmt":"2025-11-01T14:34:40","slug":"el-pangui-preparado-para-el-feriado-por-el-dia-de-los-difuntos","status":"publish","type":"post","link":"https:\/\/infozamoraec.com\/index.php\/2025\/11\/01\/el-pangui-preparado-para-el-feriado-por-el-dia-de-los-difuntos\/","title":{"rendered":"El Pangui preparado para el feriado por el D\u00eda de los Difuntos"},"content":{"rendered":"<p>En el marco del feriado nacional del 01 al 04 de noviembre de 2025, el GAD Municipal de El Pangui junto a los organismos eclesi\u00e1sticos y de seguridad, se encuentran ultimando detalles para garantizar una cobertura adecuada durante las actividades previstas para el domingo 2 de noviembre por el D\u00eda de los Difuntos.<\/p>\n<p>Durante las \u00faltimas semanas, el personal del GAD Municipal, ha realizado el adecentamiento en el Parque de los Recuerdos, un lugar sagrado donde descansan quienes ya no est\u00e1n f\u00edsicamente con nosotros. Entre las labores se incluy\u00f3 la pintura y mantenimiento de b\u00f3vedas, desbroce y limpieza integral, recolecci\u00f3n responsable de desechos adem\u00e1s del arreglo y adecuaci\u00f3n de senderos \u2013 jardines.<\/p>\n<p>En este sentido, Marcelo Sinche, comisario municipal del cant\u00f3n, inform\u00f3 que de parte Gobierno Municipal se implementar\u00e1n controles y cierres viales estrat\u00e9gicos en la zona, con la finalidad de asegurar un ambiente m\u00e1s tranquilo y seguro durante la celebraci\u00f3n de la Santa Eucarist\u00eda.<\/p>\n<p>Por su parte, Wojciech Bacior, p\u00e1rroco de El Pangui, resalt\u00f3 la importancia de esta fecha para los cat\u00f3licos, porque se fortalecen lazos espirituales con quienes ya partieron de este mundo. De esta manera extendi\u00f3 una cordial invitaci\u00f3n a las eucarist\u00edas que se celebrar\u00e1n en: El Miassi 08:00, El Guismi 09:30, El Pangui (iglesia) 11:00, Pachicutza 14:00, San Roque 15:30 y El Pangui (cementerio) 17:00.<\/p>\n<p>Las instituciones de socorro y seguridad como la Polic\u00eda Nacional y el Cuerpo de Bomberos del cant\u00f3n El Pangui, reforzar\u00e1n su presencia durante todo el feriado. Estas entidades enfatizaron su compromiso con la seguridad las 24 horas, especialmente ante el incremento habitual de accidentes de tr\u00e1nsito que se registran en d\u00edas festivos, una situaci\u00f3n que, seg\u00fan Pa\u00fal Salinas, jefe de la Polic\u00eda Circuito El Pangui y Hitler Guzm\u00e1n, jefe del Cuerpo de Bomberos del cant\u00f3n, es preocupante debido al aumento reciente en las cifras del siniestro viales en la zona.<\/p>\n<p>La Alcald\u00eda de El Pangui, invita a toda la ciudadan\u00eda a disfrutar de esta importante fecha con responsabilidad y respeto para vivir un feriado seguro y en paz.<\/p>\n<p><strong>\u00a0<\/strong><\/p>\n","protected":false},"excerpt":{"rendered":"<p>En el marco del feriado nacional del 01 al 04 de noviembre de 2025, el GAD Municipal de El Pangui junto a los organismos eclesi\u00e1sticos y de seguridad, se encuentran ultimando detalles para garantizar una cobertura adecuada durante las actividades previstas para el domingo 2 de noviembre por el D\u00eda de los Difuntos. Durante las [&hellip;]<\/p>\n","protected":false},"author":1,"featured_media":16921,"comment_status":"open","ping_status":"open","sticky":false,"template":"","format":"standard","meta":{"footnotes":""},"categories":[9],"tags":[],"_links":{"self":[{"href":"https:\/\/infozamoraec.com\/index.php\/wp-json\/wp\/v2\/posts\/16918"}],"collection":[{"href":"https:\/\/infozamoraec.com\/index.php\/wp-json\/wp\/v2\/posts"}],"about":[{"href":"https:\/\/infozamoraec.com\/index.php\/wp-json\/wp\/v2\/types\/post"}],"author":[{"embeddable":true,"href":"https:\/\/infozamoraec.com\/index.php\/wp-json\/wp\/v2\/users\/1"}],"replies":[{"embeddable":true,"href":"https:\/\/infozamoraec.com\/index.php\/wp-json\/wp\/v2\/comments?post=16918"}],"version-history":[{"count":2,"href":"https:\/\/infozamoraec.com\/index.php\/wp-json\/wp\/v2\/posts\/16918\/revisions"}],"predecessor-version":[{"id":16920,"href":"https:\/\/infozamoraec.com\/index.php\/wp-json\/wp\/v2\/posts\/16918\/revisions\/16920"}],"wp:featuredmedia":[{"embeddable":true,"href":"https:\/\/infozamoraec.com\/index.php\/wp-json\/wp\/v2\/media\/16921"}],"wp:attachment":[{"href":"https:\/\/infozamoraec.com\/index.php\/wp-json\/wp\/v2\/media?parent=16918"}],"wp:term":[{"taxonomy":"category","embeddable":true,"href":"https:\/\/infozamoraec.com\/index.php\/wp-json\/wp\/v2\/categories?post=16918"},{"taxonomy":"post_tag","embeddable":true,"href":"https:\/\/infozamoraec.com\/index.php\/wp-json\/wp\/v2\/tags?post=16918"}],"curies":[{"name":"wp","href":"https:\/\/api.w.org\/{rel}","templated":true}]}}