{"id":16915,"date":"2025-11-01T14:29:08","date_gmt":"2025-11-01T14:29:08","guid":{"rendered":"https:\/\/infozamoraec.com\/?p=16915"},"modified":"2025-11-01T14:29:08","modified_gmt":"2025-11-01T14:29:08","slug":"el-chocolate-zamorano-chinchipense-presente-en-paris-francia","status":"publish","type":"post","link":"https:\/\/infozamoraec.com\/index.php\/2025\/11\/01\/el-chocolate-zamorano-chinchipense-presente-en-paris-francia\/","title":{"rendered":"El chocolate zamorano chinchipense presente en Par\u00eds-Francia"},"content":{"rendered":"<p style=\"font-weight: 400;\">La provincia de Zamora Chinchipe se encuentra presente en el Sal\u00f3n del Chocolate en Par\u00eds Francia, donde los productores de cacao exponen sus marcas. En esta delegaci\u00f3n se encuentra la prefecta Karla Re\u00e1tegui que en representaci\u00f3n de los 23 prefectos del pa\u00eds acompa\u00f1a a la delegaci\u00f3n del CONGOPE, quien se ha convertido en un aliado estrat\u00e9gico en estos temas de vinculaci\u00f3n y cooperaci\u00f3n internacional.<\/p>\n<p style=\"font-weight: 400;\"><strong>\u00a0<\/strong>10 emprendedores de 7 provincias (Sto. Domingo de Los Ts\u00e1chilas, Tungurahua, Manab\u00ed, Carchi, El Oro, Esmeraldas y Zamora Chinchipe), est\u00e1n representando al pa\u00eds, compartiendo el sabor, la historia y la pasi\u00f3n productiva, dejando en alto que el Ecuador es el origen del uso y la domesticaci\u00f3n del cacao en el mundo. Desde el 28 de octubre al domingo 2 de noviembre de 2025, estar\u00e1n presentes en esta feria no solo promocionando, sino aperturando nuevos mercados.<\/p>\n<p style=\"font-weight: 400;\"><strong>\u00a0<\/strong>La prefecta Karla Re\u00e1tegui, motivada sostuvo que Zamora Chinchipe, se est\u00e1 haciendo conocer al mundo como cuna del origen del cacao.\u00a0<strong>\u201cMe siento contenta porque con esta actividad estamos posicionando al pa\u00eds, a la Provincia y sobre todo buscando mercados a favor de nuestros productores chocolateros\u201d<\/strong>. Re\u00e1tegui sostuvo tambi\u00e9n que, este trabajo inici\u00f3 en el 2023, desde ah\u00ed se han venido haciendo acciones de promoci\u00f3n. Para ello, agradeci\u00f3 la vinculaci\u00f3n nacional de la Canciller\u00eda del Ecuador, el Ministerio de Turismo, Mesa de Cacao Nacional, y al CONGOPE.<\/p>\n<p style=\"font-weight: 400;\"><strong>\u00a0<\/strong>Liliana Sozoranga, con su marca\u00a0<strong>BRA-KA-REY,<\/strong>\u00a0oriunda del cant\u00f3n Chinchipe dijo que, es un honor participar como productora ecuatoriana,\u00a0<strong>\u201cagradecer por esa oportunidad que nos dan a este evento importante con un producto de calidad y sobre todo org\u00e1nico por la conservaci\u00f3n de los suelos\u201d,<\/strong>\u00a0coment\u00f3 tambi\u00e9n que al momento est\u00e1n teniendo muchos resultados de cooperaci\u00f3n, ya han logrado firmar documentos de compromiso con la Academia Francesa para el env\u00edo de la materia prima.<\/p>\n<p style=\"font-weight: 400;\">Omar Maldonado, representante y productor de la marca\u00a0<strong>AROMAZ,<\/strong>\u00a0de El Pangui, se\u00f1al\u00f3 que es la segunda experiencia que vive en el Sal\u00f3n del Chocolate\u00a0<strong>\u201ctenemos buenos resultados en el mercado internacional, el a\u00f1o pasado vend\u00ed en dos d\u00edas el producto, este a\u00f1o me est\u00e1 yendo mucho mejor a pesar de que tripliqu\u00e9 el producto\u201d.<\/strong><\/p>\n<p style=\"font-weight: 400;\">Paralelamente, la Prefecta cumple una agenda de cooperaci\u00f3n internacional, hasta el momento se han logrado articulaciones con la Embajada de Ecuador en Francia; con el Instituto de Investigaci\u00f3n para el Desarrollo, IRD; y varias agencias de mercado internacional para canalizar nuevos puntos de venta a los productores expositores de Zamora Chinchipe.<\/p>\n<p style=\"font-weight: 400;\">Cabe mencionar que, para la Prefectura de Zamora Chinchipe la participaci\u00f3n de la delegaci\u00f3n en Par\u00eds, no representa la ocupaci\u00f3n de recursos p\u00fablicos, debido a que este espacio, es producto de una gesti\u00f3n de la Prefecta ante el CONGOPE, y es esta entidad es la que financia la participaci\u00f3n de la autoridad, y los dos cupos en el sal\u00f3n del Chocolate de los emprendedores.<\/p>\n","protected":false},"excerpt":{"rendered":"<p>La provincia de Zamora Chinchipe se encuentra presente en el Sal\u00f3n del Chocolate en Par\u00eds Francia, donde los productores de cacao exponen sus marcas. En esta delegaci\u00f3n se encuentra la prefecta Karla Re\u00e1tegui que en representaci\u00f3n de los 23 prefectos del pa\u00eds acompa\u00f1a a la delegaci\u00f3n del CONGOPE, quien se ha convertido en un aliado [&hellip;]<\/p>\n","protected":false},"author":1,"featured_media":16916,"comment_status":"open","ping_status":"open","sticky":false,"template":"","format":"standard","meta":{"footnotes":""},"categories":[9],"tags":[],"_links":{"self":[{"href":"https:\/\/infozamoraec.com\/index.php\/wp-json\/wp\/v2\/posts\/16915"}],"collection":[{"href":"https:\/\/infozamoraec.com\/index.php\/wp-json\/wp\/v2\/posts"}],"about":[{"href":"https:\/\/infozamoraec.com\/index.php\/wp-json\/wp\/v2\/types\/post"}],"author":[{"embeddable":true,"href":"https:\/\/infozamoraec.com\/index.php\/wp-json\/wp\/v2\/users\/1"}],"replies":[{"embeddable":true,"href":"https:\/\/infozamoraec.com\/index.php\/wp-json\/wp\/v2\/comments?post=16915"}],"version-history":[{"count":1,"href":"https:\/\/infozamoraec.com\/index.php\/wp-json\/wp\/v2\/posts\/16915\/revisions"}],"predecessor-version":[{"id":16917,"href":"https:\/\/infozamoraec.com\/index.php\/wp-json\/wp\/v2\/posts\/16915\/revisions\/16917"}],"wp:featuredmedia":[{"embeddable":true,"href":"https:\/\/infozamoraec.com\/index.php\/wp-json\/wp\/v2\/media\/16916"}],"wp:attachment":[{"href":"https:\/\/infozamoraec.com\/index.php\/wp-json\/wp\/v2\/media?parent=16915"}],"wp:term":[{"taxonomy":"category","embeddable":true,"href":"https:\/\/infozamoraec.com\/index.php\/wp-json\/wp\/v2\/categories?post=16915"},{"taxonomy":"post_tag","embeddable":true,"href":"https:\/\/infozamoraec.com\/index.php\/wp-json\/wp\/v2\/tags?post=16915"}],"curies":[{"name":"wp","href":"https:\/\/api.w.org\/{rel}","templated":true}]}}