{"id":16909,"date":"2025-10-31T01:36:12","date_gmt":"2025-10-31T01:36:12","guid":{"rendered":"https:\/\/infozamoraec.com\/?p=16909"},"modified":"2025-10-31T01:36:12","modified_gmt":"2025-10-31T01:36:12","slug":"brasil-amazonia-registra-menor-area-deforestada-desde-2014","status":"publish","type":"post","link":"https:\/\/infozamoraec.com\/index.php\/2025\/10\/31\/brasil-amazonia-registra-menor-area-deforestada-desde-2014\/","title":{"rendered":"Brasil: Amazon\u00eda registra menor \u00e1rea deforestada desde 2014"},"content":{"rendered":"<p>La deforestaci\u00f3n en la Amazon\u00eda cay\u00f3 un 11,08 % en el \u00faltimo a\u00f1o, hasta situarse en 5.796 kil\u00f3metros cuadrados, seg\u00fan datos consolidados presentados este jueves (30.10.2025) por el Gobierno de Brasil, que en noviembre acoger\u00e1 la COP30 en el mayor pulm\u00f3n vegetal del planeta.<\/p>\n<p>Se trata del cuarto a\u00f1o seguido con reducciones en la deforestaci\u00f3n y el mejor resultado en los \u00faltimos once a\u00f1os, seg\u00fan los datos de monitoreo por sat\u00e9lite del sistema Prodes, que es m\u00e1s preciso y detallado que los informes que se divulgan mes a mes.<\/p>\n<p>El 60 % de la deforestaci\u00f3n corresponde al corte raso de la vegetaci\u00f3n, mientras que el 38 % se debe a la degradaci\u00f3n de la vegetaci\u00f3n, como resultado de grandes incendios forestales que pueden llevar al colapso del ecosistema.<\/p>\n<p>Zonas con mayor degradaci\u00f3n<br \/>\nEl proceso de degradaci\u00f3n est\u00e1 registrando una tendencia ascendente y en el \u00faltimo a\u00f1o afect\u00f3 a 2.203 kil\u00f3metros cuadrados de selva. La regi\u00f3n m\u00e1s afectada es el estado de Par\u00e1, cuya capital, Bel\u00e9m, es la sede de la COP30, que se celebra el pr\u00f3ximo noviembre.<\/p>\n<p>Esta vasta regi\u00f3n, que alberga un pujante sector ganadero y minero, fue responsable del 36,2 % de la deforestaci\u00f3n en la Amazon\u00eda brasile\u00f1a, equivalente a 2.098 kil\u00f3metros cuadrados, lo que supone un descenso del 12,4 %.<\/p>\n<p>El \u00fanico estado amaz\u00f3nico que tuvo un deterioro de la situaci\u00f3n fue Mato Grosso, mayor productor agropecuario del pa\u00eds y donde la deforestaci\u00f3n se dispar\u00f3 un 25 %, hasta los 1.572 kil\u00f3metros. Portavoces del Ministerio de Medio Ambiente atribuyeron el mal dato de Mato Grosso a los incendios que afectaron la regi\u00f3n a finales del a\u00f1o pasado.<\/p>\n<p>Los datos del Prodes se midieron de agosto de 2024 a julio de 2025, coincidiendo con el r\u00e9gimen pluviom\u00e9trico en la regi\u00f3n amaz\u00f3nica.<\/p>\n<p>(mn\/efe, afp)<\/p>\n","protected":false},"excerpt":{"rendered":"<p>La deforestaci\u00f3n en la Amazon\u00eda cay\u00f3 un 11,08 % en el \u00faltimo a\u00f1o, hasta situarse en 5.796 kil\u00f3metros cuadrados, seg\u00fan datos consolidados presentados este jueves (30.10.2025) por el Gobierno de Brasil, que en noviembre acoger\u00e1 la COP30 en el mayor pulm\u00f3n vegetal del planeta. Se trata del cuarto a\u00f1o seguido con reducciones en la deforestaci\u00f3n [&hellip;]<\/p>\n","protected":false},"author":1,"featured_media":16910,"comment_status":"open","ping_status":"open","sticky":false,"template":"","format":"standard","meta":{"footnotes":""},"categories":[8],"tags":[],"_links":{"self":[{"href":"https:\/\/infozamoraec.com\/index.php\/wp-json\/wp\/v2\/posts\/16909"}],"collection":[{"href":"https:\/\/infozamoraec.com\/index.php\/wp-json\/wp\/v2\/posts"}],"about":[{"href":"https:\/\/infozamoraec.com\/index.php\/wp-json\/wp\/v2\/types\/post"}],"author":[{"embeddable":true,"href":"https:\/\/infozamoraec.com\/index.php\/wp-json\/wp\/v2\/users\/1"}],"replies":[{"embeddable":true,"href":"https:\/\/infozamoraec.com\/index.php\/wp-json\/wp\/v2\/comments?post=16909"}],"version-history":[{"count":1,"href":"https:\/\/infozamoraec.com\/index.php\/wp-json\/wp\/v2\/posts\/16909\/revisions"}],"predecessor-version":[{"id":16911,"href":"https:\/\/infozamoraec.com\/index.php\/wp-json\/wp\/v2\/posts\/16909\/revisions\/16911"}],"wp:featuredmedia":[{"embeddable":true,"href":"https:\/\/infozamoraec.com\/index.php\/wp-json\/wp\/v2\/media\/16910"}],"wp:attachment":[{"href":"https:\/\/infozamoraec.com\/index.php\/wp-json\/wp\/v2\/media?parent=16909"}],"wp:term":[{"taxonomy":"category","embeddable":true,"href":"https:\/\/infozamoraec.com\/index.php\/wp-json\/wp\/v2\/categories?post=16909"},{"taxonomy":"post_tag","embeddable":true,"href":"https:\/\/infozamoraec.com\/index.php\/wp-json\/wp\/v2\/tags?post=16909"}],"curies":[{"name":"wp","href":"https:\/\/api.w.org\/{rel}","templated":true}]}}