{"id":16906,"date":"2025-10-31T01:34:26","date_gmt":"2025-10-31T01:34:26","guid":{"rendered":"https:\/\/infozamoraec.com\/?p=16906"},"modified":"2025-10-31T01:34:26","modified_gmt":"2025-10-31T01:34:26","slug":"peru-keiko-fujimori-anuncia-cuarta-candidatura-presidencial","status":"publish","type":"post","link":"https:\/\/infozamoraec.com\/index.php\/2025\/10\/31\/peru-keiko-fujimori-anuncia-cuarta-candidatura-presidencial\/","title":{"rendered":"Per\u00fa: Keiko Fujimori anuncia cuarta candidatura presidencial"},"content":{"rendered":"<p>Keiko Fujimori, hija y heredera pol\u00edtica del expresidente peruano Alberto Fujimori, anunci\u00f3 el viernes (30.10.2025) su candidatura a la Presidencia de Per\u00fa por cuarta vez en su trayectoria pol\u00edtica, tras haber perdido en la segunda vuelta en las tres \u00faltimos comicios (2011, 2016 y 2021).<\/p>\n<p>En un mitin celebrado en la norte\u00f1a ciudad de Trujillo, una de las m\u00e1s afectadas por el crimen organizado, Fujimori confirm\u00f3 que volver\u00e1 a ser candidata presidencial en 2026, apenas una semana despu\u00e9s de que el Tribunal Constitucional dispusiera que se archive el juicio por supuesto lavado de dinero y financiaci\u00f3n irregular de sus anteriores campa\u00f1as.<\/p>\n<p>La l\u00edder del partido fujimorista Fuerza Popular precis\u00f3 que ser\u00e1 candidata \u00fanicamente a la Presidencia y que no liderar\u00e1 la lista de su formaci\u00f3n al Senado porque no quiere \u00abun premio de consolaci\u00f3n\u00bb y porque no quiere ni necesita inmunidad, en referencia al denominado &#8216;caso C\u00f3cteles&#8217;, por el que llevaba procesada desde hace casi 10 a\u00f1os.<\/p>\n<p>\u00abHoy aqu\u00ed, rodeada de la familia fujimorista, acompa\u00f1ada en la distancia por peruanos que nos miran en redes sociales, quiero anunciar mis decisi\u00f3n de ser candidata a la Presidencia de la Rep\u00fablica por Fuerza Popular\u00bb, dijo Keiko Fujimori entre aplausos.<\/p>\n<p>La candidata, pendiente a\u00fan de ser confirmada en elecciones internas del partido, avanz\u00f3 que en esta nueva aventura le acompa\u00f1ar\u00e1n los excongresistas Luis Galarreta y Miguel Torres, dos hombres de su m\u00e1xima confianza, como candidatos a la primera y segunda vicepresidencia, repsectivamente.<\/p>\n<p>Fujimori asegur\u00f3 que el pa\u00eds ya combati\u00f3 el terrorismo bajo el liderazgo de su padre, quien falleci\u00f3 en septiembre de 2024 y a quien su hija record\u00f3 con unas im\u00e1genes, y que con determinaci\u00f3n, va superar la ola de violencia, que afecta especialmente a Lima y a Trujillo.<\/p>\n<p>\u00abEl fujimorismo va a traer la autoridad que todos los peruanos estamos necesitando\u00bb, afirm\u00f3.<\/p>\n<p>Hasta el momento, han anunciado sus candidaturas el ultraconservador exalcalde de Lima Rafael L\u00f3pez Aliaga por Renovaci\u00f3n Popular y el empresario y exgobernador C\u00e9sar Acu\u00f1a, por el partido derechista Alianza Para el Progreso (APP).<\/p>\n<p>gs (efe, El Comercio)<\/p>\n","protected":false},"excerpt":{"rendered":"<p>Keiko Fujimori, hija y heredera pol\u00edtica del expresidente peruano Alberto Fujimori, anunci\u00f3 el viernes (30.10.2025) su candidatura a la Presidencia de Per\u00fa por cuarta vez en su trayectoria pol\u00edtica, tras haber perdido en la segunda vuelta en las tres \u00faltimos comicios (2011, 2016 y 2021). En un mitin celebrado en la norte\u00f1a ciudad de Trujillo, [&hellip;]<\/p>\n","protected":false},"author":1,"featured_media":16907,"comment_status":"open","ping_status":"open","sticky":false,"template":"","format":"standard","meta":{"footnotes":""},"categories":[8],"tags":[],"_links":{"self":[{"href":"https:\/\/infozamoraec.com\/index.php\/wp-json\/wp\/v2\/posts\/16906"}],"collection":[{"href":"https:\/\/infozamoraec.com\/index.php\/wp-json\/wp\/v2\/posts"}],"about":[{"href":"https:\/\/infozamoraec.com\/index.php\/wp-json\/wp\/v2\/types\/post"}],"author":[{"embeddable":true,"href":"https:\/\/infozamoraec.com\/index.php\/wp-json\/wp\/v2\/users\/1"}],"replies":[{"embeddable":true,"href":"https:\/\/infozamoraec.com\/index.php\/wp-json\/wp\/v2\/comments?post=16906"}],"version-history":[{"count":1,"href":"https:\/\/infozamoraec.com\/index.php\/wp-json\/wp\/v2\/posts\/16906\/revisions"}],"predecessor-version":[{"id":16908,"href":"https:\/\/infozamoraec.com\/index.php\/wp-json\/wp\/v2\/posts\/16906\/revisions\/16908"}],"wp:featuredmedia":[{"embeddable":true,"href":"https:\/\/infozamoraec.com\/index.php\/wp-json\/wp\/v2\/media\/16907"}],"wp:attachment":[{"href":"https:\/\/infozamoraec.com\/index.php\/wp-json\/wp\/v2\/media?parent=16906"}],"wp:term":[{"taxonomy":"category","embeddable":true,"href":"https:\/\/infozamoraec.com\/index.php\/wp-json\/wp\/v2\/categories?post=16906"},{"taxonomy":"post_tag","embeddable":true,"href":"https:\/\/infozamoraec.com\/index.php\/wp-json\/wp\/v2\/tags?post=16906"}],"curies":[{"name":"wp","href":"https:\/\/api.w.org\/{rel}","templated":true}]}}