{"id":16903,"date":"2025-10-31T01:32:10","date_gmt":"2025-10-31T01:32:10","guid":{"rendered":"https:\/\/infozamoraec.com\/?p=16903"},"modified":"2025-10-31T01:32:10","modified_gmt":"2025-10-31T01:32:10","slug":"la-zona-7-impulsa-las-comunidades-profesionales-de-aprendizaje-cpa-con-apoyo-de-vvob","status":"publish","type":"post","link":"https:\/\/infozamoraec.com\/index.php\/2025\/10\/31\/la-zona-7-impulsa-las-comunidades-profesionales-de-aprendizaje-cpa-con-apoyo-de-vvob\/","title":{"rendered":"La Zona 7 impulsa las Comunidades Profesionales de Aprendizaje (CPA) con apoyo de VVOB"},"content":{"rendered":"<p>En el marco de la cooperaci\u00f3n entre el Ministerio de Educaci\u00f3n, Deporte y Cultura y VVOB Education for Development, se desarroll\u00f3 en Loja la apertura de las Comunidades Profesionales de Aprendizaje (CPA), una estrategia que fortalece las competencias de los equipos directivos y docentes de instituciones de Bachillerato T\u00e9cnico.<\/p>\n<p>Los encuentros se desarrollan este mi\u00e9rcoles 29 y el jueves 30 de octubre de 2025, en jornadas de 10h00 a 13h00 y de 14h00 a 17h00, con la presencia de 12 asesores educativos. La directora de Calidad de la Gesti\u00f3n Educativa del MINEDEC, Ximena Jaramillo, brind\u00f3 la apertura al evento junto a representantes de VVOB.<\/p>\n<p>Las CPA son espacios de colaboraci\u00f3n donde docentes y directivos comparten experiencias, fortalecen el liderazgo pedag\u00f3gico y promueven la mejora continua en los procesos educativos. Actualmente, existen dos CPA en la Zona 6 (Cuenca) y se proyecta la creaci\u00f3n de dos nuevas en la Zona 7 (Loja), con la participaci\u00f3n de 16 instituciones educativas.<\/p>\n<p>Fernando Cargua, asesor educativo de VVOB, destac\u00f3 que \u201cestos espacios constituyen una estrategia clave para el desarrollo profesional directivo\u201d, en el marco de la cooperaci\u00f3n internacional y el intercambio metodol\u00f3gico.<\/p>\n<p>Para Fredy Figueroa, asesor educativo del Distrito Machala, esta iniciativa \u201cpermite generar un proceso de transformaci\u00f3n y mejoramiento continuo en la pr\u00e1ctica docente y en los resultados de aprendizaje\u201d.<\/p>\n<p>Por su parte, Diana Jaramillo, asesora educativa de la Zona 7, se\u00f1al\u00f3 que \u201ceste taller ha sido una experiencia enriquecedora que brinda herramientas para fortalecer el liderazgo compartido y el trabajo colaborativo en las instituciones educativas\u201d.<\/p>\n<p>La directora de Gesti\u00f3n de la Calidad Educativa del MINEDEC, Ximena Jaramillo, resalt\u00f3 que la colaboraci\u00f3n con VVOB \u201ces una estrategia fundamental para fortalecer las capacidades de liderazgo y gesti\u00f3n escolar mediante un trabajo en red que optimiza la labor de los asesores educativos en territorio\u201d.<\/p>\n<p>La Coordinaci\u00f3n Zonal 7 de Educaci\u00f3n, Deporte y Cultura agradece el apoyo de los equipos participantes y de la cooperaci\u00f3n internacional, reafirmando su compromiso de promover una educaci\u00f3n de calidad mediante la formaci\u00f3n continua de los profesionales del sistema educativo.<\/p>\n","protected":false},"excerpt":{"rendered":"<p>En el marco de la cooperaci\u00f3n entre el Ministerio de Educaci\u00f3n, Deporte y Cultura y VVOB Education for Development, se desarroll\u00f3 en Loja la apertura de las Comunidades Profesionales de Aprendizaje (CPA), una estrategia que fortalece las competencias de los equipos directivos y docentes de instituciones de Bachillerato T\u00e9cnico. Los encuentros se desarrollan este mi\u00e9rcoles [&hellip;]<\/p>\n","protected":false},"author":1,"featured_media":16904,"comment_status":"open","ping_status":"open","sticky":false,"template":"","format":"standard","meta":{"footnotes":""},"categories":[12],"tags":[],"_links":{"self":[{"href":"https:\/\/infozamoraec.com\/index.php\/wp-json\/wp\/v2\/posts\/16903"}],"collection":[{"href":"https:\/\/infozamoraec.com\/index.php\/wp-json\/wp\/v2\/posts"}],"about":[{"href":"https:\/\/infozamoraec.com\/index.php\/wp-json\/wp\/v2\/types\/post"}],"author":[{"embeddable":true,"href":"https:\/\/infozamoraec.com\/index.php\/wp-json\/wp\/v2\/users\/1"}],"replies":[{"embeddable":true,"href":"https:\/\/infozamoraec.com\/index.php\/wp-json\/wp\/v2\/comments?post=16903"}],"version-history":[{"count":1,"href":"https:\/\/infozamoraec.com\/index.php\/wp-json\/wp\/v2\/posts\/16903\/revisions"}],"predecessor-version":[{"id":16905,"href":"https:\/\/infozamoraec.com\/index.php\/wp-json\/wp\/v2\/posts\/16903\/revisions\/16905"}],"wp:featuredmedia":[{"embeddable":true,"href":"https:\/\/infozamoraec.com\/index.php\/wp-json\/wp\/v2\/media\/16904"}],"wp:attachment":[{"href":"https:\/\/infozamoraec.com\/index.php\/wp-json\/wp\/v2\/media?parent=16903"}],"wp:term":[{"taxonomy":"category","embeddable":true,"href":"https:\/\/infozamoraec.com\/index.php\/wp-json\/wp\/v2\/categories?post=16903"},{"taxonomy":"post_tag","embeddable":true,"href":"https:\/\/infozamoraec.com\/index.php\/wp-json\/wp\/v2\/tags?post=16903"}],"curies":[{"name":"wp","href":"https:\/\/api.w.org\/{rel}","templated":true}]}}