{"id":16899,"date":"2025-10-31T01:29:29","date_gmt":"2025-10-31T01:29:29","guid":{"rendered":"https:\/\/infozamoraec.com\/?p=16899"},"modified":"2025-10-31T01:29:29","modified_gmt":"2025-10-31T01:29:29","slug":"prefectura-construye-cubierta-en-unidad-educativa-ciudad-de-ambato-en-yantzaza","status":"publish","type":"post","link":"https:\/\/infozamoraec.com\/index.php\/2025\/10\/31\/prefectura-construye-cubierta-en-unidad-educativa-ciudad-de-ambato-en-yantzaza\/","title":{"rendered":"Prefectura construye cubierta en Unidad Educativa \u201cCiudad de Ambato\u201d en Yantzaza"},"content":{"rendered":"<p style=\"font-weight: 400;\">Oficialmente, inici\u00f3 la construcci\u00f3n de la cubierta met\u00e1lica sobre la cancha de uso m\u00faltiple del Centro Educativo Intercultural Biling\u00fce Ciudad de Ambato, obra que beneficia de manera directa a m\u00e1s de 140 estudiantes que se forman en este centro de educaci\u00f3n del barrio San Vicente de Caney de la parroquia Chica\u00f1a cant\u00f3n Yantzaza.<\/p>\n<p style=\"font-weight: 400;\">La obra en menci\u00f3n tiene un ancho de 21.80 m, y largo 36.00 m, altura m\u00e1xima 12.60 m, el monto de inversi\u00f3n asciende a\u00a0<strong>$108.264,00<\/strong>\u00a0plazo de 4 meses para su ejecuci\u00f3n. Actualmente, cuenta con 13 docentes, cuya oferta acad\u00e9mica va desde el inicial hasta el primero de bachillerato. El siguiente a\u00f1o contar\u00e1n con segundo y el pr\u00f3ximo con tercero de bachillerato sucesivamente, con jornada matutina.<\/p>\n<p style=\"font-weight: 400;\">V\u00edctor Sarango, prefecto (e), mencion\u00f3 que, es un gusto y honor llegar con el trabajo ya avanzado en la construcci\u00f3n de esta cubierta,\u00a0<strong>\u201cque bonito que el Gobierno Provincial siempre llega a verificar el avance de la misma y eso es gratificante porque en corto tiempo esta obra estar\u00e1 al servicio de la educaci\u00f3n\u201d,\u00a0<\/strong>acot\u00f3.<\/p>\n<p style=\"font-weight: 400;\">Carlos Guam\u00e1n, rector del centro educativo, expres\u00f3 su sincero agradecimiento a la Prefecta y Viceprefecto que han estado pendientes para que esta gesti\u00f3n se cumpla.\u00a0<strong>\u201cAhora que vivimos estos cambios clim\u00e1ticos dr\u00e1sticos en funci\u00f3n de esa necesidad estamos pendientes de su culminaci\u00f3n y quedamos atendidos para que nuestros estudiantes puedan realizar sus actividades bajo cubierta como una familia educativa, somos una instituci\u00f3n intercultural biling\u00fce y tambi\u00e9n quedar\u00eda al servicio de la comunidad\u201d,\u00a0<\/strong>socializ\u00f3.<\/p>\n<p style=\"font-weight: 400;\">Para Nancy Guayllas, docente de la Ciudad de Ambato dijo que son 29 a\u00f1os en este centro educativo y el anhelo siempre ha sido tener una cubierta,\u00a0<strong>\u201ces una gesti\u00f3n de muchos a\u00f1os por tenerla, es un sue\u00f1o que ten\u00edamos los padres de familia, alumnado y docentes, muchas gracias al Consejo Provincial\u201d,\u00a0<\/strong>resalt\u00f3.<\/p>\n<p style=\"font-weight: 400;\">El alumnado que se educa en esta Unidad Educativa, viene de: San Vicente de Caney, Kukush, Anguash, Plateado, La Uni\u00f3n y cabecera parroquial de Chica\u00f1a. Luis Morocho Macas, estudiante, dice que est\u00e1 feliz con la cubierta, porque ahora cuando hacen cultura f\u00edsica se queman del sol y muchas de las veces les cae la lluvia,\u00a0<strong>\u201cme comprometo a cuidar la cubierta y transmitir el mensaje a todos\u201d.\u00a0<\/strong><\/p>\n<p style=\"font-weight: 400;\">Resaltar que, las obras educativas se edifican mediante convenio con el Distrito de Educaci\u00f3n, en este sentido la Prefectura de Zamora Chinchipe, ha entregado cubiertas en la U. E. \u201cR\u00edo Zamora\u201d, en la parroquia Cumbaratza, cant\u00f3n Zamora; cubierta met\u00e1lica en la U. E. \u201cPrimero de Mayo\u201d, barrio La Diversi\u00f3n en Zumba; cubierta met\u00e1lica en la U. E. Oriente Ecuatoriano en Palanda y un bloque de aulas entregada a favor de la Unidad Educativa \u201cManuel Sarango Romero\u201d en Las Orqu\u00eddeas, parroquia Zurmi, cant\u00f3n Nangaritza.<\/p>\n<p style=\"font-weight: 400;\">Paralelamente, tambi\u00e9n se construyen bloques de aulas a favor de la U. E. Eplicachima en Zumbi; en la Escuela Ciudad de Latacunga de Panguintza; y en la U.E. Amazonas de la ciudad de Zamora, con una inversi\u00f3n de m\u00e1s de\u00a0<strong>$500.000,00.<\/strong><\/p>\n","protected":false},"excerpt":{"rendered":"<p>Oficialmente, inici\u00f3 la construcci\u00f3n de la cubierta met\u00e1lica sobre la cancha de uso m\u00faltiple del Centro Educativo Intercultural Biling\u00fce Ciudad de Ambato, obra que beneficia de manera directa a m\u00e1s de 140 estudiantes que se forman en este centro de educaci\u00f3n del barrio San Vicente de Caney de la parroquia Chica\u00f1a cant\u00f3n Yantzaza. La obra [&hellip;]<\/p>\n","protected":false},"author":1,"featured_media":16900,"comment_status":"open","ping_status":"open","sticky":false,"template":"","format":"standard","meta":{"footnotes":""},"categories":[9],"tags":[],"_links":{"self":[{"href":"https:\/\/infozamoraec.com\/index.php\/wp-json\/wp\/v2\/posts\/16899"}],"collection":[{"href":"https:\/\/infozamoraec.com\/index.php\/wp-json\/wp\/v2\/posts"}],"about":[{"href":"https:\/\/infozamoraec.com\/index.php\/wp-json\/wp\/v2\/types\/post"}],"author":[{"embeddable":true,"href":"https:\/\/infozamoraec.com\/index.php\/wp-json\/wp\/v2\/users\/1"}],"replies":[{"embeddable":true,"href":"https:\/\/infozamoraec.com\/index.php\/wp-json\/wp\/v2\/comments?post=16899"}],"version-history":[{"count":2,"href":"https:\/\/infozamoraec.com\/index.php\/wp-json\/wp\/v2\/posts\/16899\/revisions"}],"predecessor-version":[{"id":16902,"href":"https:\/\/infozamoraec.com\/index.php\/wp-json\/wp\/v2\/posts\/16899\/revisions\/16902"}],"wp:featuredmedia":[{"embeddable":true,"href":"https:\/\/infozamoraec.com\/index.php\/wp-json\/wp\/v2\/media\/16900"}],"wp:attachment":[{"href":"https:\/\/infozamoraec.com\/index.php\/wp-json\/wp\/v2\/media?parent=16899"}],"wp:term":[{"taxonomy":"category","embeddable":true,"href":"https:\/\/infozamoraec.com\/index.php\/wp-json\/wp\/v2\/categories?post=16899"},{"taxonomy":"post_tag","embeddable":true,"href":"https:\/\/infozamoraec.com\/index.php\/wp-json\/wp\/v2\/tags?post=16899"}],"curies":[{"name":"wp","href":"https:\/\/api.w.org\/{rel}","templated":true}]}}