{"id":16892,"date":"2025-10-31T01:25:09","date_gmt":"2025-10-31T01:25:09","guid":{"rendered":"https:\/\/infozamoraec.com\/?p=16892"},"modified":"2025-10-31T01:25:09","modified_gmt":"2025-10-31T01:25:09","slug":"jose-serrano-seguira-detenido-en-miami-tras-desestimarse-su-habeas-corpus","status":"publish","type":"post","link":"https:\/\/infozamoraec.com\/index.php\/2025\/10\/31\/jose-serrano-seguira-detenido-en-miami-tras-desestimarse-su-habeas-corpus\/","title":{"rendered":"Jos\u00e9 Serrano seguir\u00e1 detenido en Miami tras desestimarse su habeas corpus"},"content":{"rendered":"<p>El exministro del Interior ecuatoriano, Jos\u00e9 Serrano Salgado, continuar\u00e1 privado de libertad en Estados Unidos luego de que un tribunal federal en Florida desestimara su recurso de habeas corpus, presentado para solicitar su liberaci\u00f3n.<\/p>\n<p>La jueza Marty Fulgueira Elfenbein consider\u00f3 que el tribunal no tiene jurisdicci\u00f3n para resolver el caso en este momento, seg\u00fan registr\u00f3 Primicias en una publicaci\u00f3n.<\/p>\n<p>La pr\u00f3xima audiencia que determinar\u00e1 la posible deportaci\u00f3n de Serrano a Ecuador est\u00e1 programada para el 19 de noviembre.<\/p>\n<p>La decisi\u00f3n de la jueza fue emitida \u201csin perjuicio\u201d, lo que significa que Serrano puede volver a presentar la solicitud si se resuelve la cuesti\u00f3n de jurisdicci\u00f3n. Adem\u00e1s, el exfuncionario tiene plazo hasta el 12 de noviembre para presentar objeciones, las cuales ser\u00e1n revisadas por el juez K. Michael Moore antes de tomar una determinaci\u00f3n definitiva.<\/p>\n<p>El recurso fue presentado por Serrano a trav\u00e9s de su abogado Robert Sheldon, quien solicit\u00f3 que se justifique la legalidad de su detenci\u00f3n y que se disponga su liberaci\u00f3n inmediata o, en su defecto, que sea tratado como solicitante de asilo y no como detenido criminal.<\/p>\n<p>La demanda incluy\u00f3 a funcionarios del Servicio de Inmigraci\u00f3n y Control de Aduanas de EE.\u202fUU. (ICE), responsables de su custodia en Miami.<\/p>\n<p>Serrano est\u00e1 recluido desde el 7 de agosto de 2025 en el Centro de Detenci\u00f3n de Miami Krome, tras problemas relacionados con su estatus migratorio. La pr\u00f3xima audiencia que determinar\u00e1 su posible deportaci\u00f3n a Ecuador est\u00e1 programada para el 19 de noviembre.<\/p>\n<p>En Ecuador, Serrano enfrenta un proceso judicial por su presunta implicaci\u00f3n como autor intelectual en el asesinato del exasamble\u00edsta y excandidato presidencial Fernando Villavicencio. Cuenta con orden de prisi\u00f3n preventiva, por lo que de ser deportado ingresar\u00eda directamente a prisi\u00f3n.<\/p>\n","protected":false},"excerpt":{"rendered":"<p>El exministro del Interior ecuatoriano, Jos\u00e9 Serrano Salgado, continuar\u00e1 privado de libertad en Estados Unidos luego de que un tribunal federal en Florida desestimara su recurso de habeas corpus, presentado para solicitar su liberaci\u00f3n. La jueza Marty Fulgueira Elfenbein consider\u00f3 que el tribunal no tiene jurisdicci\u00f3n para resolver el caso en este momento, seg\u00fan registr\u00f3 [&hellip;]<\/p>\n","protected":false},"author":1,"featured_media":16893,"comment_status":"open","ping_status":"open","sticky":false,"template":"","format":"standard","meta":{"footnotes":""},"categories":[12],"tags":[],"_links":{"self":[{"href":"https:\/\/infozamoraec.com\/index.php\/wp-json\/wp\/v2\/posts\/16892"}],"collection":[{"href":"https:\/\/infozamoraec.com\/index.php\/wp-json\/wp\/v2\/posts"}],"about":[{"href":"https:\/\/infozamoraec.com\/index.php\/wp-json\/wp\/v2\/types\/post"}],"author":[{"embeddable":true,"href":"https:\/\/infozamoraec.com\/index.php\/wp-json\/wp\/v2\/users\/1"}],"replies":[{"embeddable":true,"href":"https:\/\/infozamoraec.com\/index.php\/wp-json\/wp\/v2\/comments?post=16892"}],"version-history":[{"count":1,"href":"https:\/\/infozamoraec.com\/index.php\/wp-json\/wp\/v2\/posts\/16892\/revisions"}],"predecessor-version":[{"id":16894,"href":"https:\/\/infozamoraec.com\/index.php\/wp-json\/wp\/v2\/posts\/16892\/revisions\/16894"}],"wp:featuredmedia":[{"embeddable":true,"href":"https:\/\/infozamoraec.com\/index.php\/wp-json\/wp\/v2\/media\/16893"}],"wp:attachment":[{"href":"https:\/\/infozamoraec.com\/index.php\/wp-json\/wp\/v2\/media?parent=16892"}],"wp:term":[{"taxonomy":"category","embeddable":true,"href":"https:\/\/infozamoraec.com\/index.php\/wp-json\/wp\/v2\/categories?post=16892"},{"taxonomy":"post_tag","embeddable":true,"href":"https:\/\/infozamoraec.com\/index.php\/wp-json\/wp\/v2\/tags?post=16892"}],"curies":[{"name":"wp","href":"https:\/\/api.w.org\/{rel}","templated":true}]}}