{"id":16887,"date":"2025-10-31T01:21:41","date_gmt":"2025-10-31T01:21:41","guid":{"rendered":"https:\/\/infozamoraec.com\/?p=16887"},"modified":"2025-10-31T01:21:41","modified_gmt":"2025-10-31T01:21:41","slug":"noboa-cumple-agenda-en-santo-domingo-jamas-respaldaremos-a-esos-dirigentes-que-intentaron-dividir-al-pais","status":"publish","type":"post","link":"https:\/\/infozamoraec.com\/index.php\/2025\/10\/31\/noboa-cumple-agenda-en-santo-domingo-jamas-respaldaremos-a-esos-dirigentes-que-intentaron-dividir-al-pais\/","title":{"rendered":"Noboa cumple agenda en Santo Domingo: \u00abJam\u00e1s respaldaremos a esos dirigentes que intentaron dividir al pa\u00eds\u00bb"},"content":{"rendered":"<p>El presidente Daniel Noboa particip\u00f3 en un acto con comunidades rurales en la provincia de Santo Domingo de los Ts\u00e1chilas este jueves 30 de octubre de 2025. El presidente anunci\u00f3 una serie de entregas y programas productivos destinados a fortalecer la econom\u00eda local.<\/p>\n<p>El mandatario segur\u00f3 que su administraci\u00f3n busca \u201cescuchar y actuar\u201d, destacando que el gobierno trabaja junto a las comunidades, agricultores y productores para mejorar sus condiciones de vida. Porr otro lado, Noboa entreg\u00f3 100 mil d\u00f3lares no reembolsables. Los recursos servir\u00e1n para fortalecer la producci\u00f3n de cacao, mejorar los equipos de trabajo y apoyar el desarrollo comunitario respetando las tradiciones ancestrales.<\/p>\n<p>\u00abEste dinero que les estamos dando y que no tienen que devolver es la prueba de que nos importa construir un pa\u00eds donde todos son importantes: ind\u00edgenas, afrodescendientes, mestizos y todos\u00bb, expres\u00f3.<\/p>\n<p>Luego arremeti\u00f3 contra la Conaie y sus detractores: \u00abJam\u00e1s respaldaremos a esos dirigentes que intentaron dividir al pa\u00eds, que bloquearon las calles y causaron millones en p\u00e9rdidas. Jam\u00e1s por las malas. Nosotros ayudamos a la gente que quiere salir adelante, no a quienes buscan destruir o chantajear\u00bb mencion\u00f3 Noboa.<\/p>\n<p>Noboa habla de descentralizaci\u00f3n de la econom\u00eda y reducir la inequidad<br \/>\nEl presidente dijo que las provincias con una fuerte presencia de pueblos y nacionalidades han mostrado los mayores \u00edndices de crecimiento econ\u00f3mico en los \u00faltimos a\u00f1os. Seg\u00fan mencion\u00f3, Sucumb\u00edos registr\u00f3 un incremento del 28%, Zamora Chinchipe del 27,6% y Santo Domingo del 26,7%. \u00c9l llam\u00f3 a este fen\u00f3meno una \u00abdescentralizaci\u00f3on\u00bb de la econom\u00eda y una \u00abreducci\u00f3n de la inequidad\u00bb.<\/p>\n<p>\u00abNo es un gobierno que centraliza el poder ni el desarrollo econ\u00f3mico, sino que va a las zonas que fueron olvidadas\u00bb, afirm\u00f3.<\/p>\n<p>Noboa entreg\u00f3 bonos y maquinaria<br \/>\nEl Mandatario tambi\u00e9n anunci\u00f3 la entrega de 20 t\u00edtulos de propiedad, 10 tractores, seis camionetas y seis cr\u00e9ditos agrovioletas destinados a mujeres emprendedoras. Adem\u00e1s, destac\u00f3 la concesi\u00f3n de m\u00e1s de 100 mil becas a mujeres en escuelas t\u00e9cnicas y universidades, as\u00ed como 230 mil becas para el aprendizaje del idioma ingl\u00e9s.<\/p>\n<p>Noboa indic\u00f3 que el 46% de las mujeres en Ecuador son cabezas de hogar y que su gobierno impulsa programas para fortalecer su independencia econ\u00f3mica mediante cr\u00e9ditos y capacitaci\u00f3n. (I)<\/p>\n","protected":false},"excerpt":{"rendered":"<p>El presidente Daniel Noboa particip\u00f3 en un acto con comunidades rurales en la provincia de Santo Domingo de los Ts\u00e1chilas este jueves 30 de octubre de 2025. El presidente anunci\u00f3 una serie de entregas y programas productivos destinados a fortalecer la econom\u00eda local. El mandatario segur\u00f3 que su administraci\u00f3n busca \u201cescuchar y actuar\u201d, destacando que [&hellip;]<\/p>\n","protected":false},"author":1,"featured_media":16888,"comment_status":"open","ping_status":"open","sticky":false,"template":"","format":"standard","meta":{"footnotes":""},"categories":[12],"tags":[],"_links":{"self":[{"href":"https:\/\/infozamoraec.com\/index.php\/wp-json\/wp\/v2\/posts\/16887"}],"collection":[{"href":"https:\/\/infozamoraec.com\/index.php\/wp-json\/wp\/v2\/posts"}],"about":[{"href":"https:\/\/infozamoraec.com\/index.php\/wp-json\/wp\/v2\/types\/post"}],"author":[{"embeddable":true,"href":"https:\/\/infozamoraec.com\/index.php\/wp-json\/wp\/v2\/users\/1"}],"replies":[{"embeddable":true,"href":"https:\/\/infozamoraec.com\/index.php\/wp-json\/wp\/v2\/comments?post=16887"}],"version-history":[{"count":2,"href":"https:\/\/infozamoraec.com\/index.php\/wp-json\/wp\/v2\/posts\/16887\/revisions"}],"predecessor-version":[{"id":16890,"href":"https:\/\/infozamoraec.com\/index.php\/wp-json\/wp\/v2\/posts\/16887\/revisions\/16890"}],"wp:featuredmedia":[{"embeddable":true,"href":"https:\/\/infozamoraec.com\/index.php\/wp-json\/wp\/v2\/media\/16888"}],"wp:attachment":[{"href":"https:\/\/infozamoraec.com\/index.php\/wp-json\/wp\/v2\/media?parent=16887"}],"wp:term":[{"taxonomy":"category","embeddable":true,"href":"https:\/\/infozamoraec.com\/index.php\/wp-json\/wp\/v2\/categories?post=16887"},{"taxonomy":"post_tag","embeddable":true,"href":"https:\/\/infozamoraec.com\/index.php\/wp-json\/wp\/v2\/tags?post=16887"}],"curies":[{"name":"wp","href":"https:\/\/api.w.org\/{rel}","templated":true}]}}