{"id":16880,"date":"2025-10-31T01:13:04","date_gmt":"2025-10-31T01:13:04","guid":{"rendered":"https:\/\/infozamoraec.com\/?p=16880"},"modified":"2025-10-31T01:13:04","modified_gmt":"2025-10-31T01:13:04","slug":"palanda-celebro-el-dia-del-adulto-mayor-con-arte-tradicion-y-compromiso-institucional","status":"publish","type":"post","link":"https:\/\/infozamoraec.com\/index.php\/2025\/10\/31\/palanda-celebro-el-dia-del-adulto-mayor-con-arte-tradicion-y-compromiso-institucional\/","title":{"rendered":"Palanda celebr\u00f3 el D\u00eda del Adulto Mayor con arte, tradici\u00f3n y compromiso institucional"},"content":{"rendered":"<p data-start=\"94\" data-end=\"405\">En el marco del convenio de cooperaci\u00f3n entre el <strong data-start=\"176\" data-end=\"217\">Ministerio de Desarrollo Humano (MDH)<\/strong> y el <strong data-start=\"223\" data-end=\"279\">Gobierno Aut\u00f3nomo Descentralizado del cant\u00f3n Palanda<\/strong>, se desarroll\u00f3 la conmemoraci\u00f3n del <strong data-start=\"316\" data-end=\"340\">D\u00eda del Adulto Mayor<\/strong>, bajo el lema <em data-start=\"355\" data-end=\"402\">\u201cVoces y tradiciones unidas por las regiones\u201d<\/em>.<\/p>\n<p data-start=\"407\" data-end=\"702\">La actividad fue organizada por el <strong data-start=\"442\" data-end=\"492\">equipo t\u00e9cnico de la Unidad de Atenci\u00f3n Social<\/strong>, en cumplimiento de su planificaci\u00f3n anual, y cont\u00f3 con la participaci\u00f3n de <strong data-start=\"569\" data-end=\"633\">autoridades locales, adultos mayores y ciudadan\u00eda en general<\/strong>, quienes compartieron una jornada de integraci\u00f3n y reconocimiento.<\/p>\n<p data-start=\"704\" data-end=\"1134\">El alcalde, <strong data-start=\"716\" data-end=\"755\">ingeniero Segundo Jaramillo Quezada<\/strong>, resalt\u00f3 el compromiso del GAD Palanda con este grupo de atenci\u00f3n prioritaria, se\u00f1alando que la instituci\u00f3n ejecuta acciones y proyectos enfocados en su bienestar. Por su parte, la directora del MDH, <strong data-start=\"956\" data-end=\"980\">abogada Diana Granda<\/strong>, manifest\u00f3 su satisfacci\u00f3n por participar en el evento y reafirm\u00f3 la voluntad del ministerio de fortalecer la inclusi\u00f3n social de las personas mayores.<\/p>\n<p data-start=\"1136\" data-end=\"1398\" data-is-last-node=\"\" data-is-only-node=\"\">Durante la jornada se presentaron <strong data-start=\"1170\" data-end=\"1203\">actos art\u00edsticos y culturales<\/strong> que destacaron las tradiciones locales, generando un ambiente de alegr\u00eda y gratitud hacia quienes, con su sabidur\u00eda y experiencia, contin\u00faan aportando al desarrollo social y cultural del cant\u00f3n.<\/p>\n","protected":false},"excerpt":{"rendered":"<p>En el marco del convenio de cooperaci\u00f3n entre el Ministerio de Desarrollo Humano (MDH) y el Gobierno Aut\u00f3nomo Descentralizado del cant\u00f3n Palanda, se desarroll\u00f3 la conmemoraci\u00f3n del D\u00eda del Adulto Mayor, bajo el lema \u201cVoces y tradiciones unidas por las regiones\u201d. La actividad fue organizada por el equipo t\u00e9cnico de la Unidad de Atenci\u00f3n Social, [&hellip;]<\/p>\n","protected":false},"author":1,"featured_media":16881,"comment_status":"open","ping_status":"open","sticky":false,"template":"","format":"standard","meta":{"footnotes":""},"categories":[9],"tags":[],"_links":{"self":[{"href":"https:\/\/infozamoraec.com\/index.php\/wp-json\/wp\/v2\/posts\/16880"}],"collection":[{"href":"https:\/\/infozamoraec.com\/index.php\/wp-json\/wp\/v2\/posts"}],"about":[{"href":"https:\/\/infozamoraec.com\/index.php\/wp-json\/wp\/v2\/types\/post"}],"author":[{"embeddable":true,"href":"https:\/\/infozamoraec.com\/index.php\/wp-json\/wp\/v2\/users\/1"}],"replies":[{"embeddable":true,"href":"https:\/\/infozamoraec.com\/index.php\/wp-json\/wp\/v2\/comments?post=16880"}],"version-history":[{"count":1,"href":"https:\/\/infozamoraec.com\/index.php\/wp-json\/wp\/v2\/posts\/16880\/revisions"}],"predecessor-version":[{"id":16882,"href":"https:\/\/infozamoraec.com\/index.php\/wp-json\/wp\/v2\/posts\/16880\/revisions\/16882"}],"wp:featuredmedia":[{"embeddable":true,"href":"https:\/\/infozamoraec.com\/index.php\/wp-json\/wp\/v2\/media\/16881"}],"wp:attachment":[{"href":"https:\/\/infozamoraec.com\/index.php\/wp-json\/wp\/v2\/media?parent=16880"}],"wp:term":[{"taxonomy":"category","embeddable":true,"href":"https:\/\/infozamoraec.com\/index.php\/wp-json\/wp\/v2\/categories?post=16880"},{"taxonomy":"post_tag","embeddable":true,"href":"https:\/\/infozamoraec.com\/index.php\/wp-json\/wp\/v2\/tags?post=16880"}],"curies":[{"name":"wp","href":"https:\/\/api.w.org\/{rel}","templated":true}]}}