{"id":16876,"date":"2025-10-31T01:10:08","date_gmt":"2025-10-31T01:10:08","guid":{"rendered":"https:\/\/infozamoraec.com\/?p=16876"},"modified":"2025-10-31T01:10:08","modified_gmt":"2025-10-31T01:10:08","slug":"sabores-tradicion-y-cultura-se-unieron-en-el-9-o-festival-de-la-colada-morada-y-guaguas-de-pan","status":"publish","type":"post","link":"https:\/\/infozamoraec.com\/index.php\/2025\/10\/31\/sabores-tradicion-y-cultura-se-unieron-en-el-9-o-festival-de-la-colada-morada-y-guaguas-de-pan\/","title":{"rendered":"Sabores, tradici\u00f3n y cultura se unieron en el 9.\u00ba Festival de la Colada Morada y Guaguas de Pan"},"content":{"rendered":"<p>Zamora, 30 de octubre de 2025.- Con el prop\u00f3sito de rescatar y fortalecer las tradiciones culturales del cant\u00f3n, se desarroll\u00f3 el 9.\u00ba Festival de la Colada Morada y Guaguas de Pan en el parqueadero del Centro Comercial Reina de El Cisne, evento que reuni\u00f3 a cientos de ciudadanos en una jornada llena de color, sabor y alegr\u00eda.<\/p>\n<p>El alcalde de Zamora, Manuel Gonz\u00e1lez, inaugur\u00f3 oficialmente el festival, destacando la importancia de conservar las costumbres ancestrales y promover espacios de integraci\u00f3n comunitaria.<\/p>\n<p>En esta edici\u00f3n participaron 10 instituciones educativas y 3 emprendedoras locales, quienes ofrecieron al p\u00fablico una variada muestra gastron\u00f3mica con diferentes preparaciones de colada morada y guaguas de pan, elaboradas con recetas tradicionales y familiares.<\/p>\n<p>El evento se consolid\u00f3 como un espacio de encuentro cultural y gastron\u00f3mico que reafirma el valor de la identidad zamorana, fomentando el orgullo por las costumbres que enriquecen el patrimonio local.<\/p>\n","protected":false},"excerpt":{"rendered":"<p>Zamora, 30 de octubre de 2025.- Con el prop\u00f3sito de rescatar y fortalecer las tradiciones culturales del cant\u00f3n, se desarroll\u00f3 el 9.\u00ba Festival de la Colada Morada y Guaguas de Pan en el parqueadero del Centro Comercial Reina de El Cisne, evento que reuni\u00f3 a cientos de ciudadanos en una jornada llena de color, sabor [&hellip;]<\/p>\n","protected":false},"author":1,"featured_media":16877,"comment_status":"open","ping_status":"open","sticky":false,"template":"","format":"standard","meta":{"footnotes":""},"categories":[9],"tags":[],"_links":{"self":[{"href":"https:\/\/infozamoraec.com\/index.php\/wp-json\/wp\/v2\/posts\/16876"}],"collection":[{"href":"https:\/\/infozamoraec.com\/index.php\/wp-json\/wp\/v2\/posts"}],"about":[{"href":"https:\/\/infozamoraec.com\/index.php\/wp-json\/wp\/v2\/types\/post"}],"author":[{"embeddable":true,"href":"https:\/\/infozamoraec.com\/index.php\/wp-json\/wp\/v2\/users\/1"}],"replies":[{"embeddable":true,"href":"https:\/\/infozamoraec.com\/index.php\/wp-json\/wp\/v2\/comments?post=16876"}],"version-history":[{"count":2,"href":"https:\/\/infozamoraec.com\/index.php\/wp-json\/wp\/v2\/posts\/16876\/revisions"}],"predecessor-version":[{"id":16879,"href":"https:\/\/infozamoraec.com\/index.php\/wp-json\/wp\/v2\/posts\/16876\/revisions\/16879"}],"wp:featuredmedia":[{"embeddable":true,"href":"https:\/\/infozamoraec.com\/index.php\/wp-json\/wp\/v2\/media\/16877"}],"wp:attachment":[{"href":"https:\/\/infozamoraec.com\/index.php\/wp-json\/wp\/v2\/media?parent=16876"}],"wp:term":[{"taxonomy":"category","embeddable":true,"href":"https:\/\/infozamoraec.com\/index.php\/wp-json\/wp\/v2\/categories?post=16876"},{"taxonomy":"post_tag","embeddable":true,"href":"https:\/\/infozamoraec.com\/index.php\/wp-json\/wp\/v2\/tags?post=16876"}],"curies":[{"name":"wp","href":"https:\/\/api.w.org\/{rel}","templated":true}]}}