{"id":16873,"date":"2025-10-31T01:08:15","date_gmt":"2025-10-31T01:08:15","guid":{"rendered":"https:\/\/infozamoraec.com\/?p=16873"},"modified":"2025-10-31T01:08:15","modified_gmt":"2025-10-31T01:08:15","slug":"delegacion-provincial-electoral-realiza-prueba-tecnica-del-sistema-de-transmision-y-publicacion-de-resultados-stpr","status":"publish","type":"post","link":"https:\/\/infozamoraec.com\/index.php\/2025\/10\/31\/delegacion-provincial-electoral-realiza-prueba-tecnica-del-sistema-de-transmision-y-publicacion-de-resultados-stpr\/","title":{"rendered":"Delegaci\u00f3n Provincial Electoral realiza prueba t\u00e9cnica del Sistema de Transmisi\u00f3n y Publicaci\u00f3n de Resultados (STPR)"},"content":{"rendered":"<p>Este jueves 30 de octubre, la Delegaci\u00f3n Provincial Electoral de Zamora Chinchipe a trav\u00e9s de la Unidad de TICS, realiz\u00f3 la prueba t\u00e9cnica del Sistema de Transmisi\u00f3n y Publicaci\u00f3n de Resultados (STPR) para certificar el correcto funcionamiento de los dispositivos tecnol\u00f3gicos.<\/p>\n<p>Esta actividad fue supervisada por la directora de la Delegaci\u00f3n, Tayra Benavides, acompa\u00f1ada de la Junta Provincial Electoral, con el objetivo de verificar y evaluar su rendimiento, conectividad y operatividad en tiempo real.<\/p>\n<p>El pr\u00f3ximo domingo 16 de noviembre, a partir de las 17:00 horas, estos equipos tendr\u00e1n la funci\u00f3n principal de agilizar la digitalizaci\u00f3n y transmisi\u00f3n de actas desde los Centros de Digitalizaci\u00f3n de Actas (CDA) y el Centro de Procesamiento Electoral (CPE), garantizando la transparencia y eficiencia del proceso electoral.<\/p>\n","protected":false},"excerpt":{"rendered":"<p>Este jueves 30 de octubre, la Delegaci\u00f3n Provincial Electoral de Zamora Chinchipe a trav\u00e9s de la Unidad de TICS, realiz\u00f3 la prueba t\u00e9cnica del Sistema de Transmisi\u00f3n y Publicaci\u00f3n de Resultados (STPR) para certificar el correcto funcionamiento de los dispositivos tecnol\u00f3gicos. Esta actividad fue supervisada por la directora de la Delegaci\u00f3n, Tayra Benavides, acompa\u00f1ada de [&hellip;]<\/p>\n","protected":false},"author":1,"featured_media":16874,"comment_status":"open","ping_status":"open","sticky":false,"template":"","format":"standard","meta":{"footnotes":""},"categories":[9],"tags":[],"_links":{"self":[{"href":"https:\/\/infozamoraec.com\/index.php\/wp-json\/wp\/v2\/posts\/16873"}],"collection":[{"href":"https:\/\/infozamoraec.com\/index.php\/wp-json\/wp\/v2\/posts"}],"about":[{"href":"https:\/\/infozamoraec.com\/index.php\/wp-json\/wp\/v2\/types\/post"}],"author":[{"embeddable":true,"href":"https:\/\/infozamoraec.com\/index.php\/wp-json\/wp\/v2\/users\/1"}],"replies":[{"embeddable":true,"href":"https:\/\/infozamoraec.com\/index.php\/wp-json\/wp\/v2\/comments?post=16873"}],"version-history":[{"count":1,"href":"https:\/\/infozamoraec.com\/index.php\/wp-json\/wp\/v2\/posts\/16873\/revisions"}],"predecessor-version":[{"id":16875,"href":"https:\/\/infozamoraec.com\/index.php\/wp-json\/wp\/v2\/posts\/16873\/revisions\/16875"}],"wp:featuredmedia":[{"embeddable":true,"href":"https:\/\/infozamoraec.com\/index.php\/wp-json\/wp\/v2\/media\/16874"}],"wp:attachment":[{"href":"https:\/\/infozamoraec.com\/index.php\/wp-json\/wp\/v2\/media?parent=16873"}],"wp:term":[{"taxonomy":"category","embeddable":true,"href":"https:\/\/infozamoraec.com\/index.php\/wp-json\/wp\/v2\/categories?post=16873"},{"taxonomy":"post_tag","embeddable":true,"href":"https:\/\/infozamoraec.com\/index.php\/wp-json\/wp\/v2\/tags?post=16873"}],"curies":[{"name":"wp","href":"https:\/\/api.w.org\/{rel}","templated":true}]}}