{"id":16863,"date":"2025-10-30T01:52:58","date_gmt":"2025-10-30T01:52:58","guid":{"rendered":"https:\/\/infozamoraec.com\/?p=16863"},"modified":"2025-10-30T01:52:58","modified_gmt":"2025-10-30T01:52:58","slug":"mexico-sheinbaum-rechaza-sanciones-de-ee-uu-a-aerolineas","status":"publish","type":"post","link":"https:\/\/infozamoraec.com\/index.php\/2025\/10\/30\/mexico-sheinbaum-rechaza-sanciones-de-ee-uu-a-aerolineas\/","title":{"rendered":"M\u00e9xico: Sheinbaum rechaza sanciones de EE.UU. a aerol\u00edneas"},"content":{"rendered":"<p>La presidenta de M\u00e9xico, Claudia Sheinbaum, rechaz\u00f3 este mi\u00e9rcoles (29.10.2025) la decisi\u00f3n de Washington de cancelar varias rutas de aerol\u00edneas mexicanas a Estados Unidos, en represalia por supuestas afectaciones a vuelos estadounidenses.<\/p>\n<p>Estados Unidos cancel\u00f3 el martes 13 rutas de aerol\u00edneas mexicanas hacia su territorio, lo que afecta a las principales empresas del sector: Aerom\u00e9xico, Volaris y Viva Aerob\u00fas.<\/p>\n<p>Seg\u00fan el Departamento de Transporte estadounidense, las autoridades mexicanas incurrieron en pr\u00e1cticas anticompetitivas al reducir las franjas horarias de vuelo de las aerol\u00edneas de su pa\u00eds y obligarlas a mover sus operaciones de carga hacia una terminal a las afueras de Ciudad de M\u00e9xico.<\/p>\n<p>\u00abNo estamos de acuerdo con esta decisi\u00f3n del Departamento de Transporte\u00bb, dijo Sheinbaum en su habitual rueda de prensa matutina.<\/p>\n<p>Sheinbaum gestiona reuni\u00f3n con autoridades de EE.UU.<br \/>\nEl gobierno de Sheinbaum defendi\u00f3 la estrategia aeroportuaria de M\u00e9xico al se\u00f1alar que el env\u00edo de operaciones de carga al Aeropuerto Internacional Felipe \u00c1ngeles (AIFA), construido por el expresidente Andr\u00e9s Manuel L\u00f3pez Obrador (2018-2024), se realiz\u00f3 para evitar riesgos para los usuarios y garantizar espacios m\u00ednimos de servicios.<\/p>\n<p>\u00abTodas las empresas que se fueron al AIFA est\u00e1n felices (&#8230;), tienen m\u00e1s espacio, hay m\u00e1s seguridad a la salida de los contenedores, no hay un solo reclamo de ninguna empresa\u00bb, afirm\u00f3 la jefa de Estado.<\/p>\n<p>Sheinbaum dijo que pidi\u00f3 al canciller Juan Ram\u00f3n de la Fuente que coordine una reuni\u00f3n con autoridades estadounidenses para revisar si la decisi\u00f3n tiene fundamento.<\/p>\n<p>\u00abDesde nuestra perspectiva no tiene ninguno\u00bb, asegur\u00f3.<\/p>\n<p>La discrepancia, que afecta a uno de los mercados aeron\u00e1uticos m\u00e1s activos del hemisferio, ocurre en medio de una tensa relaci\u00f3n entre el gobierno mexicano y la administraci\u00f3n del presidente Donald Trump por temas comerciales, migratorios y de seguridad.<\/p>\n<p>mg (afp, efe)<\/p>\n","protected":false},"excerpt":{"rendered":"<p>La presidenta de M\u00e9xico, Claudia Sheinbaum, rechaz\u00f3 este mi\u00e9rcoles (29.10.2025) la decisi\u00f3n de Washington de cancelar varias rutas de aerol\u00edneas mexicanas a Estados Unidos, en represalia por supuestas afectaciones a vuelos estadounidenses. Estados Unidos cancel\u00f3 el martes 13 rutas de aerol\u00edneas mexicanas hacia su territorio, lo que afecta a las principales empresas del sector: Aerom\u00e9xico, [&hellip;]<\/p>\n","protected":false},"author":1,"featured_media":16864,"comment_status":"open","ping_status":"open","sticky":false,"template":"","format":"standard","meta":{"footnotes":""},"categories":[8],"tags":[],"_links":{"self":[{"href":"https:\/\/infozamoraec.com\/index.php\/wp-json\/wp\/v2\/posts\/16863"}],"collection":[{"href":"https:\/\/infozamoraec.com\/index.php\/wp-json\/wp\/v2\/posts"}],"about":[{"href":"https:\/\/infozamoraec.com\/index.php\/wp-json\/wp\/v2\/types\/post"}],"author":[{"embeddable":true,"href":"https:\/\/infozamoraec.com\/index.php\/wp-json\/wp\/v2\/users\/1"}],"replies":[{"embeddable":true,"href":"https:\/\/infozamoraec.com\/index.php\/wp-json\/wp\/v2\/comments?post=16863"}],"version-history":[{"count":1,"href":"https:\/\/infozamoraec.com\/index.php\/wp-json\/wp\/v2\/posts\/16863\/revisions"}],"predecessor-version":[{"id":16865,"href":"https:\/\/infozamoraec.com\/index.php\/wp-json\/wp\/v2\/posts\/16863\/revisions\/16865"}],"wp:featuredmedia":[{"embeddable":true,"href":"https:\/\/infozamoraec.com\/index.php\/wp-json\/wp\/v2\/media\/16864"}],"wp:attachment":[{"href":"https:\/\/infozamoraec.com\/index.php\/wp-json\/wp\/v2\/media?parent=16863"}],"wp:term":[{"taxonomy":"category","embeddable":true,"href":"https:\/\/infozamoraec.com\/index.php\/wp-json\/wp\/v2\/categories?post=16863"},{"taxonomy":"post_tag","embeddable":true,"href":"https:\/\/infozamoraec.com\/index.php\/wp-json\/wp\/v2\/tags?post=16863"}],"curies":[{"name":"wp","href":"https:\/\/api.w.org\/{rel}","templated":true}]}}