{"id":16860,"date":"2025-10-30T01:50:59","date_gmt":"2025-10-30T01:50:59","guid":{"rendered":"https:\/\/infozamoraec.com\/?p=16860"},"modified":"2025-10-30T01:50:59","modified_gmt":"2025-10-30T01:50:59","slug":"fiscalia-de-guatemala-pide-retirar-inmunidad-al-presidente","status":"publish","type":"post","link":"https:\/\/infozamoraec.com\/index.php\/2025\/10\/30\/fiscalia-de-guatemala-pide-retirar-inmunidad-al-presidente\/","title":{"rendered":"Fiscal\u00eda de Guatemala pide retirar inmunidad al presidente"},"content":{"rendered":"<p>La Fiscal\u00eda de Guatemala pidi\u00f3 este mi\u00e9rcoles (29.10.2025) retirar la inmunidad del presidente, Bernardo Ar\u00e9valo, para investigarlo por supuesto incumplimiento de deberes por la fuga de prisi\u00f3n de 20 cabecillas de la pandilla Barrio 18.<\/p>\n<p>El pasado 12 de octubre el gobierno revel\u00f3 el escape de 20 miembros del Barrio 18 -declarada organizaci\u00f3n \u00abterrorista\u00bb por Estados Unidos y Guatemala-, de una c\u00e1rcel cercana a la capital, lo que provoc\u00f3 una crisis que llev\u00f3 al gobernante a destituir a su gabinete de seguridad.<\/p>\n<p>El Ministerio P\u00fablico, que ya ha pedido quitar la inmunidad de Ar\u00e9valo por otras razones sin que la justicia haya resuelto, se\u00f1al\u00f3 en un comunicado que hizo la solicitud a la Corte Suprema al considerar que Ar\u00e9valo cometi\u00f3 el delito de \u00abincumplimiento de deberes\u00bb por la evasi\u00f3n en causas no esclarecidas de los pandilleros de la prisi\u00f3n Fraijanes II.<\/p>\n<p>La solicitud de retiro de inmunidad tambi\u00e9n es extensiva para la vicepresidenta guatemalteca, Karin Herrera.<\/p>\n<p>mg (afp, Prensa Libre)<\/p>\n<p>&nbsp;<\/p>\n","protected":false},"excerpt":{"rendered":"<p>La Fiscal\u00eda de Guatemala pidi\u00f3 este mi\u00e9rcoles (29.10.2025) retirar la inmunidad del presidente, Bernardo Ar\u00e9valo, para investigarlo por supuesto incumplimiento de deberes por la fuga de prisi\u00f3n de 20 cabecillas de la pandilla Barrio 18. El pasado 12 de octubre el gobierno revel\u00f3 el escape de 20 miembros del Barrio 18 -declarada organizaci\u00f3n \u00abterrorista\u00bb por [&hellip;]<\/p>\n","protected":false},"author":1,"featured_media":16861,"comment_status":"open","ping_status":"open","sticky":false,"template":"","format":"standard","meta":{"footnotes":""},"categories":[8],"tags":[],"_links":{"self":[{"href":"https:\/\/infozamoraec.com\/index.php\/wp-json\/wp\/v2\/posts\/16860"}],"collection":[{"href":"https:\/\/infozamoraec.com\/index.php\/wp-json\/wp\/v2\/posts"}],"about":[{"href":"https:\/\/infozamoraec.com\/index.php\/wp-json\/wp\/v2\/types\/post"}],"author":[{"embeddable":true,"href":"https:\/\/infozamoraec.com\/index.php\/wp-json\/wp\/v2\/users\/1"}],"replies":[{"embeddable":true,"href":"https:\/\/infozamoraec.com\/index.php\/wp-json\/wp\/v2\/comments?post=16860"}],"version-history":[{"count":1,"href":"https:\/\/infozamoraec.com\/index.php\/wp-json\/wp\/v2\/posts\/16860\/revisions"}],"predecessor-version":[{"id":16862,"href":"https:\/\/infozamoraec.com\/index.php\/wp-json\/wp\/v2\/posts\/16860\/revisions\/16862"}],"wp:featuredmedia":[{"embeddable":true,"href":"https:\/\/infozamoraec.com\/index.php\/wp-json\/wp\/v2\/media\/16861"}],"wp:attachment":[{"href":"https:\/\/infozamoraec.com\/index.php\/wp-json\/wp\/v2\/media?parent=16860"}],"wp:term":[{"taxonomy":"category","embeddable":true,"href":"https:\/\/infozamoraec.com\/index.php\/wp-json\/wp\/v2\/categories?post=16860"},{"taxonomy":"post_tag","embeddable":true,"href":"https:\/\/infozamoraec.com\/index.php\/wp-json\/wp\/v2\/tags?post=16860"}],"curies":[{"name":"wp","href":"https:\/\/api.w.org\/{rel}","templated":true}]}}