{"id":16857,"date":"2025-10-30T01:48:46","date_gmt":"2025-10-30T01:48:46","guid":{"rendered":"https:\/\/infozamoraec.com\/?p=16857"},"modified":"2025-10-30T01:48:46","modified_gmt":"2025-10-30T01:48:46","slug":"maduro-quiere-desnacionalizar-a-quien-apoye-una-invasion","status":"publish","type":"post","link":"https:\/\/infozamoraec.com\/index.php\/2025\/10\/30\/maduro-quiere-desnacionalizar-a-quien-apoye-una-invasion\/","title":{"rendered":"Maduro quiere desnacionalizar a quien apoye una invasi\u00f3n"},"content":{"rendered":"<p>El presidente de Venezuela, Nicol\u00e1s Maduro, dijo el mi\u00e9rcoles (29.10.2025) que pidi\u00f3 al Tribunal Supremo de Justicia (TSJ) una \u00abconsideraci\u00f3n constitucional\u00bb para quitar la nacionalidad a todo \u00abvendepatria\u00bb que \u00abse sume a un ej\u00e9rcito extranjero imperialista para invadir\u00bb al pa\u00eds, de lo que acusa al opositor exiliado Leopoldo L\u00f3pez.<\/p>\n<p>Maduro acus\u00f3 a L\u00f3pez de estar \u00abpidiendo que el ej\u00e9rcito &#8216;gringo&#8217; (estadounidense) se meta\u00bb en Venezuela, en un contexto marcado por el despliegue militar de EE.UU. en el Caribe, donde se prev\u00e9 que llegue en los pr\u00f3ximos d\u00edas el portaaviones m\u00e1s moderno e importante del pa\u00eds norteamericano.<\/p>\n<p>En un acto transmitido por el canal estatal VTV, el mandatario dijo que espera que el TSJ \u00abautorice proceder y quitarle la nacionalidad venezolana, toda la documentaci\u00f3n y todo lo que haya que quitarle, de acuerdo a la ley y a la Constituci\u00f3n\u00bb, a quien se preste a una invasi\u00f3n.<\/p>\n<p>El jefe de Estado dijo basar su solicitud en el art\u00edculo 130 de la Constituci\u00f3n, el cual se\u00f1ala que los venezolanos \u00abtienen el deber de honrar y defender a la patria\u00bb, as\u00ed como de \u00abresguardar y proteger la soberan\u00eda, la nacionalidad, la integridad territorial, la autodeterminaci\u00f3n y los intereses de la naci\u00f3n\u00bb.<\/p>\n<p>No obstante, la Constituci\u00f3n establece en su art\u00edculo 35 que los venezolanos por nacimiento \u00abno podr\u00e1n ser privados o privadas de su nacionalidad\u00bb, y solo la concedida por naturalizaci\u00f3n podr\u00e1 ser revocada.<\/p>\n<p>Opositor Leopoldo L\u00f3pez en la mira<br \/>\nEl fin de semana, la vicepresidenta ejecutiva, Delcy Rodr\u00edguez dijo que Maduro present\u00f3 el pasado viernes un recurso ante el TSJ para \u00abretirar la nacionalidad\u00bb a L\u00f3pez, al acusarlo de pedir una \u00abinvasi\u00f3n militar\u00bb, adem\u00e1s de hacer \u00abpromoci\u00f3n permanente del bloqueo econ\u00f3mico\u00bb y un \u00abllamado a asesinar masivamente a los venezolanos en complicidad con Gobiernos y enemigos extranjeros\u00bb.<\/p>\n<p>Adem\u00e1s, Rodr\u00edguez anunci\u00f3 que se proceder\u00eda \u00abde inmediato\u00bb a la anulaci\u00f3n del pasaporte del opositor, exiliado en Madrid desde 2020.<\/p>\n<p>En respuesta, L\u00f3pez dijo: \u00abMaduro quiere quitarme la nacionalidad por decir lo que pensamos y queremos todos los venezolanos: libertad\u00bb.<\/p>\n<p>El opositor, quien indic\u00f3 que \u00e9l ser\u00eda \u00abel primer ciudadano nacido en Venezuela\u00bb al que se le aplicar\u00eda este tipo de medida, afirm\u00f3 que el mandatari chavista est\u00e1 \u00abarrinconado\u00bb y quiere poner un \u00abdique de amenaza\u00bb a quienes apoyan la libertad en su pa\u00eds.<\/p>\n<p>Por su parte, el partido de L\u00f3pez, Voluntad Popular (VP), consider\u00f3 que la intenci\u00f3n del Gobierno \u00abcopia los patrones represivos de las dictaduras de Cuba y de Nicaragua\u00bb.<\/p>\n<p>La solicitud de Maduro se hizo luego de que L\u00f3pez dijera que la negociaci\u00f3n ya no sirve para conseguir un cambio pol\u00edtico en su pa\u00eds y que ve la f\u00f3rmula en la \u00abpresi\u00f3n\u00bb de EE.UU..<\/p>\n<p>L\u00f3pez afirm\u00f3 que incluso avala un ataque estadounidense en suelo venezolano que acabe con Maduro.<\/p>\n<p>gs (efe, Globovisi\u00f3n)<\/p>\n","protected":false},"excerpt":{"rendered":"<p>El presidente de Venezuela, Nicol\u00e1s Maduro, dijo el mi\u00e9rcoles (29.10.2025) que pidi\u00f3 al Tribunal Supremo de Justicia (TSJ) una \u00abconsideraci\u00f3n constitucional\u00bb para quitar la nacionalidad a todo \u00abvendepatria\u00bb que \u00abse sume a un ej\u00e9rcito extranjero imperialista para invadir\u00bb al pa\u00eds, de lo que acusa al opositor exiliado Leopoldo L\u00f3pez. Maduro acus\u00f3 a L\u00f3pez de estar [&hellip;]<\/p>\n","protected":false},"author":1,"featured_media":16858,"comment_status":"open","ping_status":"open","sticky":false,"template":"","format":"standard","meta":{"footnotes":""},"categories":[8],"tags":[],"_links":{"self":[{"href":"https:\/\/infozamoraec.com\/index.php\/wp-json\/wp\/v2\/posts\/16857"}],"collection":[{"href":"https:\/\/infozamoraec.com\/index.php\/wp-json\/wp\/v2\/posts"}],"about":[{"href":"https:\/\/infozamoraec.com\/index.php\/wp-json\/wp\/v2\/types\/post"}],"author":[{"embeddable":true,"href":"https:\/\/infozamoraec.com\/index.php\/wp-json\/wp\/v2\/users\/1"}],"replies":[{"embeddable":true,"href":"https:\/\/infozamoraec.com\/index.php\/wp-json\/wp\/v2\/comments?post=16857"}],"version-history":[{"count":1,"href":"https:\/\/infozamoraec.com\/index.php\/wp-json\/wp\/v2\/posts\/16857\/revisions"}],"predecessor-version":[{"id":16859,"href":"https:\/\/infozamoraec.com\/index.php\/wp-json\/wp\/v2\/posts\/16857\/revisions\/16859"}],"wp:featuredmedia":[{"embeddable":true,"href":"https:\/\/infozamoraec.com\/index.php\/wp-json\/wp\/v2\/media\/16858"}],"wp:attachment":[{"href":"https:\/\/infozamoraec.com\/index.php\/wp-json\/wp\/v2\/media?parent=16857"}],"wp:term":[{"taxonomy":"category","embeddable":true,"href":"https:\/\/infozamoraec.com\/index.php\/wp-json\/wp\/v2\/categories?post=16857"},{"taxonomy":"post_tag","embeddable":true,"href":"https:\/\/infozamoraec.com\/index.php\/wp-json\/wp\/v2\/tags?post=16857"}],"curies":[{"name":"wp","href":"https:\/\/api.w.org\/{rel}","templated":true}]}}