{"id":16854,"date":"2025-10-30T01:46:08","date_gmt":"2025-10-30T01:46:08","guid":{"rendered":"https:\/\/infozamoraec.com\/?p=16854"},"modified":"2025-10-30T01:46:08","modified_gmt":"2025-10-30T01:46:08","slug":"cidh-examina-solicitud-de-proteccion-presentada-por-el-frente-parlamentario-correista-tras-las-protestas-en-imbabura","status":"publish","type":"post","link":"https:\/\/infozamoraec.com\/index.php\/2025\/10\/30\/cidh-examina-solicitud-de-proteccion-presentada-por-el-frente-parlamentario-correista-tras-las-protestas-en-imbabura\/","title":{"rendered":"CIDH examina solicitud de protecci\u00f3n presentada por el Frente Parlamentario corre\u00edsta tras las protestas en Imbabura"},"content":{"rendered":"<p>CIDH examina solicitud de protecci\u00f3n presentada por el Frente Parlamentario tras protestas en Imbabura<\/p>\n<p>La Comisi\u00f3n Interamericana de Derechos Humanos (CIDH) abri\u00f3 un expediente sobre la petici\u00f3n que hizo el Frente Parlamentario por los Derechos Humanos de que se garantice el derecho a la vida, la integridad f\u00edsica, la libertad de expresi\u00f3n y la no persecuci\u00f3n a l\u00edderes ind\u00edgenas y de organizaciones sociales, en el marco de las protestas por la eliminaci\u00f3n del subsidio al di\u00e9sel.<\/p>\n<p>El asamble\u00edsta Luis Molina, de la bancada Revoluci\u00f3n Ciudadana (RC), destac\u00f3 que con la apertura del expediente se ha cumplido con el primer paso de la solicitud de medidas cautelares que presentaron como Frente Parlamentario que los integran asamble\u00edstas de la bancada RC, y revel\u00f3 que la CIDH concedi\u00f3 diez d\u00edas h\u00e1biles para incorporar informaci\u00f3n adicional de considerarlo necesario; es decir, ampliar informaci\u00f3n por cada uno de los casos y en eso el Frente Parlamentario trabajar\u00e1 en estos d\u00edas.<\/p>\n<p>El legislador dijo que en la petici\u00f3n se incorporaron temas de libertad de expresi\u00f3n por los periodistas agredidos, por las radios cerradas y adicionalmente lo que tiene que ver con el bloqueo de cuentas bancarias y la persecuci\u00f3n a l\u00edderes de organizaciones sociales y movimientos.<\/p>\n<p>Molina coment\u00f3 que se incorporar\u00e1 toda la informaci\u00f3n y denuncias que se presentaron en la Comisi\u00f3n de Garant\u00edas Constitucionales de la Asamblea donde hubo testimonios de los familiares de las doce personas que fueron detenidas en las protestas. Existen narrativas de como se dieron los hechos en los primeros d\u00edas del paro y por ejemplo, la presencia del convoy humanitario.<\/p>\n<p>Toda esa informaci\u00f3n permitir\u00e1 a la CIDH tener mayores elementos en el procesamiento de la petici\u00f3n, anot\u00f3.<\/p>\n<p>El representante de Pichincha por la RC se\u00f1al\u00f3 que los diez d\u00edas de t\u00e9rmino ser\u00e1 la oportunidad para que, por ejemplo, las radios que fueron cerradas en Imbabura como Ilum\u00e1n e Intipacha, tengan la posibilidad como afectados directos presentar tambi\u00e9n su expediente, sus relatos y todos estos temas puedan sumar al expediente de petici\u00f3n de medidas cautelares.<\/p>\n<p>El pasado 15 de octubre, la bancada Revoluci\u00f3n Ciudadana anunci\u00f3 la creaci\u00f3n del Frente Parlamentario por los Derechos Humanos, con el prop\u00f3sito de establecer mecanismos de vigilancia permanente sobre el respeto y la garant\u00eda de los derechos humanos en el pa\u00eds.<\/p>\n","protected":false},"excerpt":{"rendered":"<p>CIDH examina solicitud de protecci\u00f3n presentada por el Frente Parlamentario tras protestas en Imbabura La Comisi\u00f3n Interamericana de Derechos Humanos (CIDH) abri\u00f3 un expediente sobre la petici\u00f3n que hizo el Frente Parlamentario por los Derechos Humanos de que se garantice el derecho a la vida, la integridad f\u00edsica, la libertad de expresi\u00f3n y la no [&hellip;]<\/p>\n","protected":false},"author":1,"featured_media":16855,"comment_status":"open","ping_status":"open","sticky":false,"template":"","format":"standard","meta":{"footnotes":""},"categories":[12],"tags":[],"_links":{"self":[{"href":"https:\/\/infozamoraec.com\/index.php\/wp-json\/wp\/v2\/posts\/16854"}],"collection":[{"href":"https:\/\/infozamoraec.com\/index.php\/wp-json\/wp\/v2\/posts"}],"about":[{"href":"https:\/\/infozamoraec.com\/index.php\/wp-json\/wp\/v2\/types\/post"}],"author":[{"embeddable":true,"href":"https:\/\/infozamoraec.com\/index.php\/wp-json\/wp\/v2\/users\/1"}],"replies":[{"embeddable":true,"href":"https:\/\/infozamoraec.com\/index.php\/wp-json\/wp\/v2\/comments?post=16854"}],"version-history":[{"count":1,"href":"https:\/\/infozamoraec.com\/index.php\/wp-json\/wp\/v2\/posts\/16854\/revisions"}],"predecessor-version":[{"id":16856,"href":"https:\/\/infozamoraec.com\/index.php\/wp-json\/wp\/v2\/posts\/16854\/revisions\/16856"}],"wp:featuredmedia":[{"embeddable":true,"href":"https:\/\/infozamoraec.com\/index.php\/wp-json\/wp\/v2\/media\/16855"}],"wp:attachment":[{"href":"https:\/\/infozamoraec.com\/index.php\/wp-json\/wp\/v2\/media?parent=16854"}],"wp:term":[{"taxonomy":"category","embeddable":true,"href":"https:\/\/infozamoraec.com\/index.php\/wp-json\/wp\/v2\/categories?post=16854"},{"taxonomy":"post_tag","embeddable":true,"href":"https:\/\/infozamoraec.com\/index.php\/wp-json\/wp\/v2\/tags?post=16854"}],"curies":[{"name":"wp","href":"https:\/\/api.w.org\/{rel}","templated":true}]}}