{"id":16851,"date":"2025-10-30T01:43:53","date_gmt":"2025-10-30T01:43:53","guid":{"rendered":"https:\/\/infozamoraec.com\/?p=16851"},"modified":"2025-10-30T01:43:53","modified_gmt":"2025-10-30T01:43:53","slug":"daniel-noboa-baja-al-quinto-lugar-en-el-ranking-de-presidentes-con-mejor-imagen-en-sudamerica","status":"publish","type":"post","link":"https:\/\/infozamoraec.com\/index.php\/2025\/10\/30\/daniel-noboa-baja-al-quinto-lugar-en-el-ranking-de-presidentes-con-mejor-imagen-en-sudamerica\/","title":{"rendered":"Daniel Noboa baja al quinto lugar en el \u2018ranking\u2019 de presidentes con mejor imagen en Sudam\u00e9rica"},"content":{"rendered":"<p>El presidente Daniel Noboa descendi\u00f3 del tercer al quinto puesto en el ranking de mandatarios de Am\u00e9rica del Sur con mejor imagen positiva, de acuerdo con el informe de octubre de 2025 elaborado por la empresa argentina CB Consultora Opini\u00f3n P\u00fablica.<\/p>\n<p>Noboa registra una aprobaci\u00f3n del 42,9 %, lo que representa una leve ca\u00edda frente al mes anterior. Por delante de \u00e9l se ubica el presidente de Chile, Gabriel Boric, con el 43,4 % de imagen positiva.<\/p>\n<p>El ranking regional es liderado por el presidente de Brasil, Luiz In\u00e1cio Lula da Silva, con el 48,8 %; seguido por Javier Milei, de Argentina, con el 45,9 %; y por Yamand\u00fa Orsi, de Uruguay, con el 45,5 %.<\/p>\n<p>&nbsp;<\/p>\n","protected":false},"excerpt":{"rendered":"<p>El presidente Daniel Noboa descendi\u00f3 del tercer al quinto puesto en el ranking de mandatarios de Am\u00e9rica del Sur con mejor imagen positiva, de acuerdo con el informe de octubre de 2025 elaborado por la empresa argentina CB Consultora Opini\u00f3n P\u00fablica. Noboa registra una aprobaci\u00f3n del 42,9 %, lo que representa una leve ca\u00edda frente [&hellip;]<\/p>\n","protected":false},"author":1,"featured_media":16852,"comment_status":"open","ping_status":"open","sticky":false,"template":"","format":"standard","meta":{"footnotes":""},"categories":[12],"tags":[],"_links":{"self":[{"href":"https:\/\/infozamoraec.com\/index.php\/wp-json\/wp\/v2\/posts\/16851"}],"collection":[{"href":"https:\/\/infozamoraec.com\/index.php\/wp-json\/wp\/v2\/posts"}],"about":[{"href":"https:\/\/infozamoraec.com\/index.php\/wp-json\/wp\/v2\/types\/post"}],"author":[{"embeddable":true,"href":"https:\/\/infozamoraec.com\/index.php\/wp-json\/wp\/v2\/users\/1"}],"replies":[{"embeddable":true,"href":"https:\/\/infozamoraec.com\/index.php\/wp-json\/wp\/v2\/comments?post=16851"}],"version-history":[{"count":1,"href":"https:\/\/infozamoraec.com\/index.php\/wp-json\/wp\/v2\/posts\/16851\/revisions"}],"predecessor-version":[{"id":16853,"href":"https:\/\/infozamoraec.com\/index.php\/wp-json\/wp\/v2\/posts\/16851\/revisions\/16853"}],"wp:featuredmedia":[{"embeddable":true,"href":"https:\/\/infozamoraec.com\/index.php\/wp-json\/wp\/v2\/media\/16852"}],"wp:attachment":[{"href":"https:\/\/infozamoraec.com\/index.php\/wp-json\/wp\/v2\/media?parent=16851"}],"wp:term":[{"taxonomy":"category","embeddable":true,"href":"https:\/\/infozamoraec.com\/index.php\/wp-json\/wp\/v2\/categories?post=16851"},{"taxonomy":"post_tag","embeddable":true,"href":"https:\/\/infozamoraec.com\/index.php\/wp-json\/wp\/v2\/tags?post=16851"}],"curies":[{"name":"wp","href":"https:\/\/api.w.org\/{rel}","templated":true}]}}