{"id":16845,"date":"2025-10-30T01:38:40","date_gmt":"2025-10-30T01:38:40","guid":{"rendered":"https:\/\/infozamoraec.com\/?p=16845"},"modified":"2025-10-30T01:38:40","modified_gmt":"2025-10-30T01:38:40","slug":"noboa-cumple-agenda-en-cuenca-no-pudieron-frenar-la-voluntad-de-millones-de-ecuatorianos-que-quieren-trabajar","status":"publish","type":"post","link":"https:\/\/infozamoraec.com\/index.php\/2025\/10\/30\/noboa-cumple-agenda-en-cuenca-no-pudieron-frenar-la-voluntad-de-millones-de-ecuatorianos-que-quieren-trabajar\/","title":{"rendered":"Noboa cumple agenda en Cuenca: \u00abno pudieron frenar la voluntad de millones de ecuatorianos que quieren trabajar\u00bb"},"content":{"rendered":"<p>Desde Cuenca, el presidente Daniel Noboa entreg\u00f3 6,9 millones de d\u00f3lares en cr\u00e9ditos productivos para emprendedores y agricultores, fortaleciendo la econom\u00eda en Ecuador.<\/p>\n<p>Seg\u00fan indic\u00f3 el mandatario, del total entregado, 2,2 millones de d\u00f3lares corresponden al Cr\u00e9dito Productivo 7\u00d77 de BanEcuador, que ofrece un plazo de siete a\u00f1os y una tasa de inter\u00e9s del 7 % anual. Esta iniciativa busca impulsar emprendimientos, el trabajo en el campo y la producci\u00f3n sostenible.<\/p>\n<p>Por su parte, Eduardo Pe\u00f1a, presidente del Directorio de BanEcuador, indic\u00f3 que la meta de la entidad es \u201ccolocar 1 mill\u00f3n de d\u00f3lares todos los d\u00edas\u201d en beneficio de productores, ganaderos, pymes y mipymes.<\/p>\n<p>Mientras que, a trav\u00e9s de Conafips, se destinaron 4,7 millones de d\u00f3lares a cooperativas de ahorro y cr\u00e9dito en Loja y Azuay. Estos recursos buscan ampliar el acceso a financiamiento para emprendedores y microempresarios, fortaleciendo la econom\u00eda popular y solidaria.<\/p>\n<p>Noba destaca alcance del proyecto<br \/>\nNoboa, subray\u00f3 que su administraci\u00f3n ha canalizado m\u00e1s de 545 millones de d\u00f3lares en cr\u00e9ditos productivos, fortaleciendo a miles de familias ecuatorianas. Adem\u00e1s, resalt\u00f3 la reducci\u00f3n de la pobreza en la Sierra Centro y Sur hasta el 24 %, cifras no vistas desde 2018, fruto de decisiones justas, transparentes y orientadas a la equidad.<\/p>\n<p>Asimismo, se\u00f1al\u00f3: \u00abPasamos del asistencialismo a la productividad, del discurso al resultado. Esta fuerza de la gente trabajadora es la que impulsa al pa\u00eds hacia un futuro con estabilidad y oportunidades\u00bb.<\/p>\n<p>Adem\u00e1s, agreg\u00f3: \u00abHace algunos d\u00edas, unos intentaron detener el pa\u00eds, bloquear caminos y sembrar miedo, pero no pudieron frenar lo m\u00e1s importante: la voluntad de millones de ecuatorianos que quieren trabajar, producir y salir adelante con dignidad\u00bb.<\/p>\n","protected":false},"excerpt":{"rendered":"<p>Desde Cuenca, el presidente Daniel Noboa entreg\u00f3 6,9 millones de d\u00f3lares en cr\u00e9ditos productivos para emprendedores y agricultores, fortaleciendo la econom\u00eda en Ecuador. Seg\u00fan indic\u00f3 el mandatario, del total entregado, 2,2 millones de d\u00f3lares corresponden al Cr\u00e9dito Productivo 7\u00d77 de BanEcuador, que ofrece un plazo de siete a\u00f1os y una tasa de inter\u00e9s del 7 [&hellip;]<\/p>\n","protected":false},"author":1,"featured_media":16846,"comment_status":"open","ping_status":"open","sticky":false,"template":"","format":"standard","meta":{"footnotes":""},"categories":[12],"tags":[],"_links":{"self":[{"href":"https:\/\/infozamoraec.com\/index.php\/wp-json\/wp\/v2\/posts\/16845"}],"collection":[{"href":"https:\/\/infozamoraec.com\/index.php\/wp-json\/wp\/v2\/posts"}],"about":[{"href":"https:\/\/infozamoraec.com\/index.php\/wp-json\/wp\/v2\/types\/post"}],"author":[{"embeddable":true,"href":"https:\/\/infozamoraec.com\/index.php\/wp-json\/wp\/v2\/users\/1"}],"replies":[{"embeddable":true,"href":"https:\/\/infozamoraec.com\/index.php\/wp-json\/wp\/v2\/comments?post=16845"}],"version-history":[{"count":1,"href":"https:\/\/infozamoraec.com\/index.php\/wp-json\/wp\/v2\/posts\/16845\/revisions"}],"predecessor-version":[{"id":16847,"href":"https:\/\/infozamoraec.com\/index.php\/wp-json\/wp\/v2\/posts\/16845\/revisions\/16847"}],"wp:featuredmedia":[{"embeddable":true,"href":"https:\/\/infozamoraec.com\/index.php\/wp-json\/wp\/v2\/media\/16846"}],"wp:attachment":[{"href":"https:\/\/infozamoraec.com\/index.php\/wp-json\/wp\/v2\/media?parent=16845"}],"wp:term":[{"taxonomy":"category","embeddable":true,"href":"https:\/\/infozamoraec.com\/index.php\/wp-json\/wp\/v2\/categories?post=16845"},{"taxonomy":"post_tag","embeddable":true,"href":"https:\/\/infozamoraec.com\/index.php\/wp-json\/wp\/v2\/tags?post=16845"}],"curies":[{"name":"wp","href":"https:\/\/api.w.org\/{rel}","templated":true}]}}