{"id":16832,"date":"2025-10-30T01:10:26","date_gmt":"2025-10-30T01:10:26","guid":{"rendered":"https:\/\/infozamoraec.com\/?p=16832"},"modified":"2025-10-30T01:10:26","modified_gmt":"2025-10-30T01:10:26","slug":"tecnicos-del-gad-parroquial-de-la-paz-fortalecen-sus-competencias-en-innovacion-y-tecnologia","status":"publish","type":"post","link":"https:\/\/infozamoraec.com\/index.php\/2025\/10\/30\/tecnicos-del-gad-parroquial-de-la-paz-fortalecen-sus-competencias-en-innovacion-y-tecnologia\/","title":{"rendered":"T\u00e9cnicos del GAD Parroquial de La Paz fortalecen sus competencias en innovaci\u00f3n y tecnolog\u00eda"},"content":{"rendered":"<p>En el marco del fortalecimiento institucional, se desarroll\u00f3 el Taller de Inteligencia Artificial y Dise\u00f1o Digital dirigido a los t\u00e9cnicos del Gobierno Parroquial de La Paz, con el objetivo de impulsar el uso de herramientas tecnol\u00f3gicas y creativas en la gesti\u00f3n p\u00fablica.<\/p>\n<p>La capacitaci\u00f3n estuvo a cargo del tecn\u00f3logo Luis Encarnaci\u00f3n, t\u00e9cnico de comunicaci\u00f3n de Conagopare Zamora Chinchipe, quien comparti\u00f3 conocimientos sobre el aprovechamiento de la inteligencia artificial y el dise\u00f1o digital como herramientas para la modernizaci\u00f3n y promoci\u00f3n institucional.<\/p>\n<p>Conagopare Zamora Chinchipe reafirm\u00f3 su compromiso con la formaci\u00f3n continua y la innovaci\u00f3n tecnol\u00f3gica en los gobiernos parroquiales rurales, destacando la importancia de fortalecer las capacidades de los equipos t\u00e9cnicos locales.<\/p>\n<p>Asimismo, se reconoci\u00f3 la apertura y colaboraci\u00f3n de la ingeniera Mayrene Lozano, presidenta del GAD Parroquial de La Paz, y de su equipo de trabajo, por su participaci\u00f3n activa en este proceso de aprendizaje orientado al desarrollo y modernizaci\u00f3n institucional.<\/p>\n","protected":false},"excerpt":{"rendered":"<p>En el marco del fortalecimiento institucional, se desarroll\u00f3 el Taller de Inteligencia Artificial y Dise\u00f1o Digital dirigido a los t\u00e9cnicos del Gobierno Parroquial de La Paz, con el objetivo de impulsar el uso de herramientas tecnol\u00f3gicas y creativas en la gesti\u00f3n p\u00fablica. La capacitaci\u00f3n estuvo a cargo del tecn\u00f3logo Luis Encarnaci\u00f3n, t\u00e9cnico de comunicaci\u00f3n de [&hellip;]<\/p>\n","protected":false},"author":1,"featured_media":16833,"comment_status":"open","ping_status":"open","sticky":false,"template":"","format":"standard","meta":{"footnotes":""},"categories":[9],"tags":[],"_links":{"self":[{"href":"https:\/\/infozamoraec.com\/index.php\/wp-json\/wp\/v2\/posts\/16832"}],"collection":[{"href":"https:\/\/infozamoraec.com\/index.php\/wp-json\/wp\/v2\/posts"}],"about":[{"href":"https:\/\/infozamoraec.com\/index.php\/wp-json\/wp\/v2\/types\/post"}],"author":[{"embeddable":true,"href":"https:\/\/infozamoraec.com\/index.php\/wp-json\/wp\/v2\/users\/1"}],"replies":[{"embeddable":true,"href":"https:\/\/infozamoraec.com\/index.php\/wp-json\/wp\/v2\/comments?post=16832"}],"version-history":[{"count":1,"href":"https:\/\/infozamoraec.com\/index.php\/wp-json\/wp\/v2\/posts\/16832\/revisions"}],"predecessor-version":[{"id":16834,"href":"https:\/\/infozamoraec.com\/index.php\/wp-json\/wp\/v2\/posts\/16832\/revisions\/16834"}],"wp:featuredmedia":[{"embeddable":true,"href":"https:\/\/infozamoraec.com\/index.php\/wp-json\/wp\/v2\/media\/16833"}],"wp:attachment":[{"href":"https:\/\/infozamoraec.com\/index.php\/wp-json\/wp\/v2\/media?parent=16832"}],"wp:term":[{"taxonomy":"category","embeddable":true,"href":"https:\/\/infozamoraec.com\/index.php\/wp-json\/wp\/v2\/categories?post=16832"},{"taxonomy":"post_tag","embeddable":true,"href":"https:\/\/infozamoraec.com\/index.php\/wp-json\/wp\/v2\/tags?post=16832"}],"curies":[{"name":"wp","href":"https:\/\/api.w.org\/{rel}","templated":true}]}}