{"id":16826,"date":"2025-10-29T01:44:41","date_gmt":"2025-10-29T01:44:41","guid":{"rendered":"https:\/\/infozamoraec.com\/?p=16826"},"modified":"2025-10-29T01:44:41","modified_gmt":"2025-10-29T01:44:41","slug":"petro-acusa-a-ee-uu-de-crimen-de-guerra-por-atacar-lanchas","status":"publish","type":"post","link":"https:\/\/infozamoraec.com\/index.php\/2025\/10\/29\/petro-acusa-a-ee-uu-de-crimen-de-guerra-por-atacar-lanchas\/","title":{"rendered":"Petro acusa a EE.UU. de crimen de guerra por atacar lanchas"},"content":{"rendered":"<p>El presidente de Colombia, Gustavo Petro, acus\u00f3 este martes (28.10.2025) al secretario de Guerra de Estados Unidos, Pete Hegseth, de cometer un \u00abcrimen de guerra\u00bb, luego de que este informara sobre una nueva operaci\u00f3n contra cuatro lanchas que supuestamente transportaban droga en el Pac\u00edfico y que dej\u00f3 al menos catorce muertos.<\/p>\n<p>\u00abEso que hace se\u00f1or Secretario of War es un crimen de guerra\u00bb, escribi\u00f3 Petro en X, donde comparti\u00f3 la publicaci\u00f3n de Hegseth que anunciaba que el Ej\u00e9rcito estadounidense hab\u00eda atacado el lunes esas cuatro embarcaciones \u00aben aguas internacionales\u00bb, frente a las costas de Colombia.<\/p>\n<p>El mandatario contrast\u00f3 esa acci\u00f3n con un reciente operativo internacional en el que particip\u00f3 la Armada colombiana y se incautaron casi ocho toneladas de coca\u00edna cerca de Europa: \u00abNo matamos a nadie\u00bb, subray\u00f3.<\/p>\n<p>En otra publicaci\u00f3n, Petro afirm\u00f3 que Estados Unidos \u00abejerce fuertes presiones sobre los pa\u00edses del Caribe para que no asistan\u00bb a la cumbre de la Comunidad de Estados Latinoamericanos y Caribe\u00f1os (Celac) y la Uni\u00f3n Europea (UE), que \u00e9l encabezar\u00e1 en la ciudad caribe\u00f1a de Santa Marta los pr\u00f3ximos 9 y 10 de noviembre.<\/p>\n<p>Horas antes, el mandatario ya hab\u00eda calificado de \u00abasesinatos\u00bb los nuevos ataques de las fuerzas militares estadounidenses contra supuestos \u00abnarcoterroristas\u00bb, que desde septiembre ya dejan cerca de sesenta muertos bajo el pretexto de combatir el tr\u00e1fico de drogas.<\/p>\n<p>\u00abSon asesinados. Rompen los tratados internacionales del derecho de gentes. No se puede hacer uso desproporcionado de la fuerza, las bajas se convierten en asesinatos\u00bb, dijo esta ma\u00f1ana.<\/p>\n<p>El del lunes es el und\u00e9cimo ataque reportado desde que el Gobierno de Donald Trump lanz\u00f3 en septiembre una ofensiva contra el narcotr\u00e1fico, primero en el Caribe y luego en el Pac\u00edfico.<\/p>\n<p>El episodio profundiza las tensiones entre Washington y los Gobiernos de Colombia y Venezuela, a cuyos l\u00edderes Trump ha acusado de promover el narcotr\u00e1fico.<\/p>\n","protected":false},"excerpt":{"rendered":"<p>El presidente de Colombia, Gustavo Petro, acus\u00f3 este martes (28.10.2025) al secretario de Guerra de Estados Unidos, Pete Hegseth, de cometer un \u00abcrimen de guerra\u00bb, luego de que este informara sobre una nueva operaci\u00f3n contra cuatro lanchas que supuestamente transportaban droga en el Pac\u00edfico y que dej\u00f3 al menos catorce muertos. \u00abEso que hace se\u00f1or [&hellip;]<\/p>\n","protected":false},"author":1,"featured_media":16827,"comment_status":"open","ping_status":"open","sticky":false,"template":"","format":"standard","meta":{"footnotes":""},"categories":[8],"tags":[],"_links":{"self":[{"href":"https:\/\/infozamoraec.com\/index.php\/wp-json\/wp\/v2\/posts\/16826"}],"collection":[{"href":"https:\/\/infozamoraec.com\/index.php\/wp-json\/wp\/v2\/posts"}],"about":[{"href":"https:\/\/infozamoraec.com\/index.php\/wp-json\/wp\/v2\/types\/post"}],"author":[{"embeddable":true,"href":"https:\/\/infozamoraec.com\/index.php\/wp-json\/wp\/v2\/users\/1"}],"replies":[{"embeddable":true,"href":"https:\/\/infozamoraec.com\/index.php\/wp-json\/wp\/v2\/comments?post=16826"}],"version-history":[{"count":1,"href":"https:\/\/infozamoraec.com\/index.php\/wp-json\/wp\/v2\/posts\/16826\/revisions"}],"predecessor-version":[{"id":16828,"href":"https:\/\/infozamoraec.com\/index.php\/wp-json\/wp\/v2\/posts\/16826\/revisions\/16828"}],"wp:featuredmedia":[{"embeddable":true,"href":"https:\/\/infozamoraec.com\/index.php\/wp-json\/wp\/v2\/media\/16827"}],"wp:attachment":[{"href":"https:\/\/infozamoraec.com\/index.php\/wp-json\/wp\/v2\/media?parent=16826"}],"wp:term":[{"taxonomy":"category","embeddable":true,"href":"https:\/\/infozamoraec.com\/index.php\/wp-json\/wp\/v2\/categories?post=16826"},{"taxonomy":"post_tag","embeddable":true,"href":"https:\/\/infozamoraec.com\/index.php\/wp-json\/wp\/v2\/tags?post=16826"}],"curies":[{"name":"wp","href":"https:\/\/api.w.org\/{rel}","templated":true}]}}