{"id":16823,"date":"2025-10-29T01:42:39","date_gmt":"2025-10-29T01:42:39","guid":{"rendered":"https:\/\/infozamoraec.com\/?p=16823"},"modified":"2025-10-29T01:42:39","modified_gmt":"2025-10-29T01:42:39","slug":"huracan-melissa-podria-afectar-a-15-millones-de-personas","status":"publish","type":"post","link":"https:\/\/infozamoraec.com\/index.php\/2025\/10\/29\/huracan-melissa-podria-afectar-a-15-millones-de-personas\/","title":{"rendered":"Hurac\u00e1n Melissa podr\u00eda afectar a 1,5 millones de personas"},"content":{"rendered":"<p>El hurac\u00e1n Melissa podr\u00eda afectar a 1,5 millones de personas solo en Jamaica, advirti\u00f3 este martes (28.10.2025) la Federaci\u00f3n Internacional de Sociedades de la Cruz Roja y de la Media Luna Roja (IFRC), a\u00f1adiendo que el impacto de lo que ser\u00e1 \u00abel hurac\u00e1n del siglo\u00bb ser\u00eda \u00abmasivo\u00bb.<\/p>\n<p>Al menos \u00ab1,5 millones de personas podr\u00edan verse impactadas\u00bb por el hurac\u00e1n, declar\u00f3 en Ginebra Necephor Mghendi, jefe de la delegaci\u00f3n de la IFRC para el Caribe angl\u00f3fono y neerland\u00f3fono, advirtiendo que esa cifra podr\u00eda ser \u00abuna estimaci\u00f3n a la baja\u00bb. Esto representa m\u00e1s de un tercio de la poblaci\u00f3n total de Jamaica, pero tambi\u00e9n se prev\u00e9 que haya centenares de miles de afectados en Cuba, Bahamas, Rep\u00fablica Dominicana y Hait\u00ed.<\/p>\n<p>En Jamaica las autoridades han preparado m\u00e1s de 800 refugios para acoger a la poblaci\u00f3n evacuada.<\/p>\n<p>Se anticipan graves da\u00f1os a las infraestructuras, que comunidades enteras queden aisladas y la interrupci\u00f3n de los servicios esenciales debido a la fuerza de este hurac\u00e1n, que ser\u00e1 el m\u00e1s fuerte que habr\u00e1 experimentado Jamaica seg\u00fan los registros, dijo el jefe de la delegaci\u00f3n de la FICR para los pa\u00edses de habla inglesa y holandesa, Necephor Mghendi, por teleconferencia desde Trinidad y Tobago.<\/p>\n<p>El responsable humanitario dijo que es seguro que tras el paso de Melissa estos pa\u00edses necesitar\u00e1n de la solidaridad internacional.<\/p>\n<p>Una vez que el hurac\u00e1n haya abandonado tierra, en el primer lugar de las prioridades estar\u00e1 \u00absalvar vidas, luego alimentos, agua potable, refugios y atenci\u00f3n m\u00e9dica\u00bb, explic\u00f3 en Ginebra el portavoz de la Oficina de Coordinaci\u00f3n Humanitaria de la ONU, Jens Laerke, en una rueda de prensa de los organismos de la ONU implicados en la respuesta a este desastre.<\/p>\n<p>\u00abLuego vendr\u00e1 el momento de la reconstrucci\u00f3n y nosotros estaremos all\u00ed, como lo hemos estado antes de que esto ocurra\u00bb, agreg\u00f3.<\/p>\n<p>Sobre la situaci\u00f3n en Cuba, indic\u00f3 que se han podido enviar suministros al este de la isla, en particular alimentos como arroz, cereales, art\u00edculos de higiene y para la purificaci\u00f3n del agua.<\/p>\n","protected":false},"excerpt":{"rendered":"<p>El hurac\u00e1n Melissa podr\u00eda afectar a 1,5 millones de personas solo en Jamaica, advirti\u00f3 este martes (28.10.2025) la Federaci\u00f3n Internacional de Sociedades de la Cruz Roja y de la Media Luna Roja (IFRC), a\u00f1adiendo que el impacto de lo que ser\u00e1 \u00abel hurac\u00e1n del siglo\u00bb ser\u00eda \u00abmasivo\u00bb. Al menos \u00ab1,5 millones de personas podr\u00edan verse [&hellip;]<\/p>\n","protected":false},"author":1,"featured_media":16824,"comment_status":"open","ping_status":"open","sticky":false,"template":"","format":"standard","meta":{"footnotes":""},"categories":[8],"tags":[],"_links":{"self":[{"href":"https:\/\/infozamoraec.com\/index.php\/wp-json\/wp\/v2\/posts\/16823"}],"collection":[{"href":"https:\/\/infozamoraec.com\/index.php\/wp-json\/wp\/v2\/posts"}],"about":[{"href":"https:\/\/infozamoraec.com\/index.php\/wp-json\/wp\/v2\/types\/post"}],"author":[{"embeddable":true,"href":"https:\/\/infozamoraec.com\/index.php\/wp-json\/wp\/v2\/users\/1"}],"replies":[{"embeddable":true,"href":"https:\/\/infozamoraec.com\/index.php\/wp-json\/wp\/v2\/comments?post=16823"}],"version-history":[{"count":1,"href":"https:\/\/infozamoraec.com\/index.php\/wp-json\/wp\/v2\/posts\/16823\/revisions"}],"predecessor-version":[{"id":16825,"href":"https:\/\/infozamoraec.com\/index.php\/wp-json\/wp\/v2\/posts\/16823\/revisions\/16825"}],"wp:featuredmedia":[{"embeddable":true,"href":"https:\/\/infozamoraec.com\/index.php\/wp-json\/wp\/v2\/media\/16824"}],"wp:attachment":[{"href":"https:\/\/infozamoraec.com\/index.php\/wp-json\/wp\/v2\/media?parent=16823"}],"wp:term":[{"taxonomy":"category","embeddable":true,"href":"https:\/\/infozamoraec.com\/index.php\/wp-json\/wp\/v2\/categories?post=16823"},{"taxonomy":"post_tag","embeddable":true,"href":"https:\/\/infozamoraec.com\/index.php\/wp-json\/wp\/v2\/tags?post=16823"}],"curies":[{"name":"wp","href":"https:\/\/api.w.org\/{rel}","templated":true}]}}