{"id":16816,"date":"2025-10-29T01:38:49","date_gmt":"2025-10-29T01:38:49","guid":{"rendered":"https:\/\/infozamoraec.com\/?p=16816"},"modified":"2025-10-29T01:38:49","modified_gmt":"2025-10-29T01:38:49","slug":"una-pareja-fue-decapitada-en-la-madrugada-en-24-de-mayo","status":"publish","type":"post","link":"https:\/\/infozamoraec.com\/index.php\/2025\/10\/29\/una-pareja-fue-decapitada-en-la-madrugada-en-24-de-mayo\/","title":{"rendered":"Una pareja fue decapitada en la madrugada en 24 de Mayo"},"content":{"rendered":"<p>Una pareja de esposos que se encontraba dentro de su domicilio fue atacada y decapitada por desconocidos. Este hecho ocurri\u00f3 en el recinto La Palmita, que forma parte de la parroquia Sixto Dur\u00e1n Ball\u00e9n en el cant\u00f3n 24 de Mayo, provincia de Manab\u00ed.<\/p>\n<p>Este suceso ha generado preocupaci\u00f3n entre los habitantes de la zona, quienes exigen respuestas y mayor seguridad.<\/p>\n<p>Seg\u00fan datos de moradores del sector, alrededor de las 03:00 de la madrugada de este martes 28 de octubre fueron despertados por gritos de terror.<\/p>\n<p>El ruido que proven\u00eda de la vivienda puso en alerta a la comunidad, pero el temor a ser atacados o sufrir represalias les impidi\u00f3 prestar auxilio inmediato. Por ello, transcurrieron varios minutos hasta que la ciudadan\u00eda logr\u00f3 contactar a los agentes de la Polic\u00eda sobre la situaci\u00f3n que se viv\u00eda en el recinto.<\/p>\n<p>Cuando los efectivos policiales llegaron al sitio, se encontraron con una escena muy fuerte dentro de la casa. Los cuerpos sin vida de M\u00f3nica del Roc\u00edo Pe\u00f1a Baque, de 48 a\u00f1os, y Mart\u00edn Teofilo Baque Neira, de 58 a\u00f1os, yac\u00edan tendidos en el suelo, inmersos en un charco de sangre.<\/p>\n<p>Ambos presentaban heridas mortales producto del ataque, confirmando la decapitaci\u00f3n como causa de muerte.<\/p>\n<p>Las autoridades realizaron el levantamiento de los cad\u00e1veres y ejecutaron la recolecci\u00f3n de indicios en la vivienda. Posteriormente, los cuerpos fueron trasladados hasta el centro forense de Portoviejo para los procedimientos de rigor, incluyendo la autopsia.<\/p>\n<p>Agentes especializados llegaron al lugar para analizar la escena del crimen con el objetivo de obtener pistas.<\/p>\n<p>Con la evidencia recabada, los investigadores ejecutan las diligencias investigativas para determinar las circunstancias exactas del doble asesinato.<\/p>\n","protected":false},"excerpt":{"rendered":"<p>Una pareja de esposos que se encontraba dentro de su domicilio fue atacada y decapitada por desconocidos. Este hecho ocurri\u00f3 en el recinto La Palmita, que forma parte de la parroquia Sixto Dur\u00e1n Ball\u00e9n en el cant\u00f3n 24 de Mayo, provincia de Manab\u00ed. Este suceso ha generado preocupaci\u00f3n entre los habitantes de la zona, quienes [&hellip;]<\/p>\n","protected":false},"author":1,"featured_media":16817,"comment_status":"open","ping_status":"open","sticky":false,"template":"","format":"standard","meta":{"footnotes":""},"categories":[12],"tags":[],"_links":{"self":[{"href":"https:\/\/infozamoraec.com\/index.php\/wp-json\/wp\/v2\/posts\/16816"}],"collection":[{"href":"https:\/\/infozamoraec.com\/index.php\/wp-json\/wp\/v2\/posts"}],"about":[{"href":"https:\/\/infozamoraec.com\/index.php\/wp-json\/wp\/v2\/types\/post"}],"author":[{"embeddable":true,"href":"https:\/\/infozamoraec.com\/index.php\/wp-json\/wp\/v2\/users\/1"}],"replies":[{"embeddable":true,"href":"https:\/\/infozamoraec.com\/index.php\/wp-json\/wp\/v2\/comments?post=16816"}],"version-history":[{"count":2,"href":"https:\/\/infozamoraec.com\/index.php\/wp-json\/wp\/v2\/posts\/16816\/revisions"}],"predecessor-version":[{"id":16819,"href":"https:\/\/infozamoraec.com\/index.php\/wp-json\/wp\/v2\/posts\/16816\/revisions\/16819"}],"wp:featuredmedia":[{"embeddable":true,"href":"https:\/\/infozamoraec.com\/index.php\/wp-json\/wp\/v2\/media\/16817"}],"wp:attachment":[{"href":"https:\/\/infozamoraec.com\/index.php\/wp-json\/wp\/v2\/media?parent=16816"}],"wp:term":[{"taxonomy":"category","embeddable":true,"href":"https:\/\/infozamoraec.com\/index.php\/wp-json\/wp\/v2\/categories?post=16816"},{"taxonomy":"post_tag","embeddable":true,"href":"https:\/\/infozamoraec.com\/index.php\/wp-json\/wp\/v2\/tags?post=16816"}],"curies":[{"name":"wp","href":"https:\/\/api.w.org\/{rel}","templated":true}]}}