{"id":16810,"date":"2025-10-29T01:33:46","date_gmt":"2025-10-29T01:33:46","guid":{"rendered":"https:\/\/infozamoraec.com\/?p=16810"},"modified":"2025-10-29T01:33:46","modified_gmt":"2025-10-29T01:33:46","slug":"asambleista-alterno-del-correismo-es-senalado-por-fiscalia-por-atentados-en-otavalo-durante-el-paro","status":"publish","type":"post","link":"https:\/\/infozamoraec.com\/index.php\/2025\/10\/29\/asambleista-alterno-del-correismo-es-senalado-por-fiscalia-por-atentados-en-otavalo-durante-el-paro\/","title":{"rendered":"Asamble\u00edsta alterno del corre\u00edsmo es se\u00f1alado por Fiscal\u00eda por atentados en Otavalo durante el paro"},"content":{"rendered":"<p>Tras los hechos violentos del paro de la Confederaci\u00f3n de Nacionalidades Ind\u00edgenas del Ecuador (CONAIE), la Fiscal\u00eda se\u00f1al\u00f3 de estos hechos a<strong>\u00a0Sairi David Anrango<\/strong>, asamble\u00edsta alterno de Pamela Aguirre, del corre\u00edsmo y tres personas m\u00e1s.<\/p>\n<p>El fiscal del caso pidi\u00f3 el 23 de octubre de 2025 a la jueza que tramita esta causa que se\u00f1ale d\u00eda y hora para la audiencia de vinculaci\u00f3n, lo que tendr\u00e1 lugar en noviembre pr\u00f3ximo.<\/p>\n<p>\u00abPongo en conocimiento, se\u00f1ora jueza, que durante el desarrollo de la investigaci\u00f3n realizada durante la instrucci\u00f3n fiscal han aparecido elementos de convicci\u00f3n de los cuales se presume la participaci\u00f3n en el hecho que se investiga\u00bb de estas personas, se\u00f1ala en el oficio.<\/p>\n<p>El 24 de octubre, un tribunal dispuso medidas sustitutivas a la prisi\u00f3n preventiva para 11 de los 12 detenidos por esta causa, en su mayor\u00eda, integrantes de comunidades ind\u00edgenas de Imbabura.<\/p>\n<p>Sobre las otras cuatro personas que ser\u00e1n vinculadas a esta causa, Luis Y\u00e9pez, abogado de dos de los procesados, consider\u00f3 que se trata de \u00abun acto de persecuci\u00f3n\u00bb contra dirigentes de organizaciones sociales de Imbabura.<\/p>\n<p>Los \u00abDoce de Otavalo\u00bb<br \/>\nPara el 24 de octubre, la Justicia ecuatoriana dispuso medidas sustitutivas a la prisi\u00f3n preventiva para once de los doce procesados por terrorismo durante las protestas convocadas por la Confederaci\u00f3n de Nacionalidades Ind\u00edgenas (Conaie), que terminaron el pasado mi\u00e9rcoles tras un mes de bloqueos de v\u00edas concentrados en Imbabura, y que dejaron dos muertos y cerca de 300 heridos.<\/p>\n<p>\u00abLa Sala de segunda instancia ha aceptado los recursos de apelaci\u00f3n y declara que la jueza de primera instancia ha violado derechos colectivos y deber\u00e1 presentar un informe para evaluar posible manifiesta negligencia\u00ab, escribi\u00f3 este viernes en X Aguiles Hervas, el abogado que lider\u00f3 el di\u00e1logo intercultural en el caso.<\/p>\n<p>La Fundaci\u00f3n Regional de Asesor\u00eda en Derechos Humanos (Inredh), que acompa\u00f1a a las familias de los detenidos, anot\u00f3 que a\u00fan falta tramitar el caso de uno de ellos, pues su defensa no apel\u00f3 la prisi\u00f3n preventiva.<\/p>\n<p>Los conocidos como \u00ablos 12 de Otavalo\u00bb fueron detenidos el 22 de septiembre en el marco de las protestas que comenzaron en rechazo al alza del di\u00e9sel tras un ataque a una estaci\u00f3n de Polic\u00eda en esa ciudad de Imbabura en donde se quemaron diez veh\u00edculos.<\/p>\n<p>Un mes de paro focalizado<br \/>\nLa Conaie convoc\u00f3 al paro con car\u00e1cter de nacional e indefinido, pero se centr\u00f3 en Imbabura y registr\u00f3 espor\u00e1dicas protestas en otras cinco de las 24 provincias de Ecuador.<\/p>\n<p>Las protestas comenzaron por el rechazo a la eliminaci\u00f3n del subsidio al di\u00e9sel, pero luego la Conaie incluy\u00f3 la exigencia de la bajada en tres puntos del Impuesto al Valor Agregado (IVA) hasta el 12 % y la liberaci\u00f3n de los detenidos durante las manifestaciones.<\/p>\n<p>Asimismo, la Conaie agreg\u00f3 en las protestas su rechazo a la consulta popular y refer\u00e9ndum del pr\u00f3ximo 16 de noviembre, en el que, entre otras cosas, se preguntar\u00e1 -por iniciativa del presidente Daniel Noboa- sobre la instalaci\u00f3n de una Asamblea Constituyente para redactar una nueva Constituci\u00f3n, lo que llev\u00f3 al Gobierno a se\u00f1alar a la protesta como \u00abpol\u00edtica\u00bb.<\/p>\n<p>El Gobierno mantuvo su decisi\u00f3n sobre el di\u00e9sel, decretada el 12 de septiembre, as\u00ed como el porcentaje del IVA definido el a\u00f1o pasado.<\/p>\n","protected":false},"excerpt":{"rendered":"<p>Tras los hechos violentos del paro de la Confederaci\u00f3n de Nacionalidades Ind\u00edgenas del Ecuador (CONAIE), la Fiscal\u00eda se\u00f1al\u00f3 de estos hechos a\u00a0Sairi David Anrango, asamble\u00edsta alterno de Pamela Aguirre, del corre\u00edsmo y tres personas m\u00e1s. El fiscal del caso pidi\u00f3 el 23 de octubre de 2025 a la jueza que tramita esta causa que se\u00f1ale [&hellip;]<\/p>\n","protected":false},"author":1,"featured_media":16811,"comment_status":"open","ping_status":"open","sticky":false,"template":"","format":"standard","meta":{"footnotes":""},"categories":[12],"tags":[],"_links":{"self":[{"href":"https:\/\/infozamoraec.com\/index.php\/wp-json\/wp\/v2\/posts\/16810"}],"collection":[{"href":"https:\/\/infozamoraec.com\/index.php\/wp-json\/wp\/v2\/posts"}],"about":[{"href":"https:\/\/infozamoraec.com\/index.php\/wp-json\/wp\/v2\/types\/post"}],"author":[{"embeddable":true,"href":"https:\/\/infozamoraec.com\/index.php\/wp-json\/wp\/v2\/users\/1"}],"replies":[{"embeddable":true,"href":"https:\/\/infozamoraec.com\/index.php\/wp-json\/wp\/v2\/comments?post=16810"}],"version-history":[{"count":1,"href":"https:\/\/infozamoraec.com\/index.php\/wp-json\/wp\/v2\/posts\/16810\/revisions"}],"predecessor-version":[{"id":16812,"href":"https:\/\/infozamoraec.com\/index.php\/wp-json\/wp\/v2\/posts\/16810\/revisions\/16812"}],"wp:featuredmedia":[{"embeddable":true,"href":"https:\/\/infozamoraec.com\/index.php\/wp-json\/wp\/v2\/media\/16811"}],"wp:attachment":[{"href":"https:\/\/infozamoraec.com\/index.php\/wp-json\/wp\/v2\/media?parent=16810"}],"wp:term":[{"taxonomy":"category","embeddable":true,"href":"https:\/\/infozamoraec.com\/index.php\/wp-json\/wp\/v2\/categories?post=16810"},{"taxonomy":"post_tag","embeddable":true,"href":"https:\/\/infozamoraec.com\/index.php\/wp-json\/wp\/v2\/tags?post=16810"}],"curies":[{"name":"wp","href":"https:\/\/api.w.org\/{rel}","templated":true}]}}