{"id":16802,"date":"2025-10-29T01:25:19","date_gmt":"2025-10-29T01:25:19","guid":{"rendered":"https:\/\/infozamoraec.com\/?p=16802"},"modified":"2025-10-29T01:25:19","modified_gmt":"2025-10-29T01:25:19","slug":"unidad-educativa-martha-bucaram-celebra-45-anos-de-trayectoria-formativa","status":"publish","type":"post","link":"https:\/\/infozamoraec.com\/index.php\/2025\/10\/29\/unidad-educativa-martha-bucaram-celebra-45-anos-de-trayectoria-formativa\/","title":{"rendered":"Unidad Educativa Martha Bucaram celebra 45 a\u00f1os de trayectoria formativa"},"content":{"rendered":"<p>Con un festivo preg\u00f3n lleno de m\u00fasica, danza y creatividad, la Unidad Educativa Martha Bucaram conmemor\u00f3 sus 45 a\u00f1os de vida institucional. El evento cont\u00f3 con la participaci\u00f3n de estudiantes, docentes, padres de familia y autoridades locales, quienes se unieron para rendir homenaje a la historia y el legado educativo de la instituci\u00f3n.<\/p>\n<p>El recorrido, caracterizado por su colorido y entusiasmo, marc\u00f3 el inicio de una serie de actividades conmemorativas que destacan la labor formativa desarrollada durante m\u00e1s de cuatro d\u00e9cadas. La comunidad educativa reafirm\u00f3 su compromiso con la excelencia acad\u00e9mica, la formaci\u00f3n en valores y el fortalecimiento del sentido de pertenencia hacia la instituci\u00f3n.<\/p>\n<p>Desde su fundaci\u00f3n, la Unidad Educativa Martha Bucaram ha contribuido a la formaci\u00f3n de generaciones de j\u00f3venes preparados para enfrentar los retos del futuro, manteniendo como pilares la dedicaci\u00f3n, el esfuerzo y la esperanza.<\/p>\n<p>La celebraci\u00f3n por los 45 a\u00f1os se convierte as\u00ed en un reconocimiento al trabajo conjunto de toda la comunidad educativa y en un impulso para continuar promoviendo una educaci\u00f3n integral y de calidad.<\/p>\n","protected":false},"excerpt":{"rendered":"<p>Con un festivo preg\u00f3n lleno de m\u00fasica, danza y creatividad, la Unidad Educativa Martha Bucaram conmemor\u00f3 sus 45 a\u00f1os de vida institucional. El evento cont\u00f3 con la participaci\u00f3n de estudiantes, docentes, padres de familia y autoridades locales, quienes se unieron para rendir homenaje a la historia y el legado educativo de la instituci\u00f3n. El recorrido, [&hellip;]<\/p>\n","protected":false},"author":1,"featured_media":16803,"comment_status":"open","ping_status":"open","sticky":false,"template":"","format":"standard","meta":{"footnotes":""},"categories":[9],"tags":[],"_links":{"self":[{"href":"https:\/\/infozamoraec.com\/index.php\/wp-json\/wp\/v2\/posts\/16802"}],"collection":[{"href":"https:\/\/infozamoraec.com\/index.php\/wp-json\/wp\/v2\/posts"}],"about":[{"href":"https:\/\/infozamoraec.com\/index.php\/wp-json\/wp\/v2\/types\/post"}],"author":[{"embeddable":true,"href":"https:\/\/infozamoraec.com\/index.php\/wp-json\/wp\/v2\/users\/1"}],"replies":[{"embeddable":true,"href":"https:\/\/infozamoraec.com\/index.php\/wp-json\/wp\/v2\/comments?post=16802"}],"version-history":[{"count":2,"href":"https:\/\/infozamoraec.com\/index.php\/wp-json\/wp\/v2\/posts\/16802\/revisions"}],"predecessor-version":[{"id":16805,"href":"https:\/\/infozamoraec.com\/index.php\/wp-json\/wp\/v2\/posts\/16802\/revisions\/16805"}],"wp:featuredmedia":[{"embeddable":true,"href":"https:\/\/infozamoraec.com\/index.php\/wp-json\/wp\/v2\/media\/16803"}],"wp:attachment":[{"href":"https:\/\/infozamoraec.com\/index.php\/wp-json\/wp\/v2\/media?parent=16802"}],"wp:term":[{"taxonomy":"category","embeddable":true,"href":"https:\/\/infozamoraec.com\/index.php\/wp-json\/wp\/v2\/categories?post=16802"},{"taxonomy":"post_tag","embeddable":true,"href":"https:\/\/infozamoraec.com\/index.php\/wp-json\/wp\/v2\/tags?post=16802"}],"curies":[{"name":"wp","href":"https:\/\/api.w.org\/{rel}","templated":true}]}}