{"id":16792,"date":"2025-10-28T02:04:23","date_gmt":"2025-10-28T02:04:23","guid":{"rendered":"https:\/\/infozamoraec.com\/?p=16792"},"modified":"2025-10-28T02:04:36","modified_gmt":"2025-10-28T02:04:36","slug":"terremoto-de-magnitud-61-sacude-el-oeste-de-turquia-sin-dejar-victimas-mortales","status":"publish","type":"post","link":"https:\/\/infozamoraec.com\/index.php\/2025\/10\/28\/terremoto-de-magnitud-61-sacude-el-oeste-de-turquia-sin-dejar-victimas-mortales\/","title":{"rendered":"Terremoto de magnitud 6,1 sacude el oeste de Turqu\u00eda sin dejar v\u00edctimas mortales"},"content":{"rendered":"<p data-start=\"88\" data-end=\"484\">\u00a0Un terremoto de <strong data-start=\"115\" data-end=\"131\">magnitud 6,1<\/strong> se registr\u00f3 la noche de este lunes en el oeste de Turqu\u00eda, con epicentro en el municipio de <strong data-start=\"224\" data-end=\"236\">Sindirgi<\/strong>, provincia de <strong data-start=\"251\" data-end=\"264\">Balikesir<\/strong>, seg\u00fan inform\u00f3 la Autoridad de Gesti\u00f3n de Desastres y Emergencias (AFAD). El movimiento tel\u00farico se produjo a las <strong data-start=\"379\" data-end=\"432\">22:48 hora local<\/strong>, a una profundidad aproximada de seis kil\u00f3metros.<\/p>\n<p data-start=\"486\" data-end=\"802\">El sismo se sinti\u00f3 con fuerza en varias provincias cercanas, incluyendo <strong data-start=\"558\" data-end=\"601\">Estambul, Manisa, Usak, Bursa y Esmirna<\/strong>, generando alarma entre la poblaci\u00f3n. Hasta el momento, <strong data-start=\"658\" data-end=\"694\">no se reportan v\u00edctimas mortales<\/strong>, aunque las autoridades confirmaron <strong data-start=\"731\" data-end=\"776\">el colapso de tres edificios y una tienda<\/strong> en el \u00e1rea de Sindirgi.<\/p>\n<p data-start=\"804\" data-end=\"1008\">Im\u00e1genes difundidas por la televisi\u00f3n turca <strong data-start=\"848\" data-end=\"855\">NTV<\/strong> muestran <strong data-start=\"865\" data-end=\"957\">estructuras da\u00f1adas, fachadas agrietadas y veh\u00edculos afectados por la ca\u00edda de escombros<\/strong>, sin que se haya precisado el n\u00famero de heridos.<\/p>\n<p data-start=\"1010\" data-end=\"1311\">El <strong data-start=\"1013\" data-end=\"1053\">ministro del Interior, Ali Yerlikaya<\/strong>, inform\u00f3 que equipos de emergencia se encuentran en la zona realizando labores de evaluaci\u00f3n y atenci\u00f3n. Por su parte, el <strong data-start=\"1176\" data-end=\"1216\">ministro de Sanidad, Kemal Memisoglu<\/strong>, indic\u00f3 que hasta el momento \u201cno se han detectado efectos negativos graves\u201d en la poblaci\u00f3n.<\/p>\n<p data-start=\"1313\" data-end=\"1534\">El <strong data-start=\"1316\" data-end=\"1351\">presidente Recep Tayyip Erdogan<\/strong> expres\u00f3 su solidaridad con los ciudadanos afectados y asegur\u00f3 que las unidades de emergencia \u201crealizan minuciosas investigaciones de campo\u201d para determinar el alcance de los da\u00f1os.<\/p>\n<p data-start=\"1536\" data-end=\"1873\">Cabe recordar que <strong data-start=\"1554\" data-end=\"1630\">Sindirgi ya fue epicentro de un terremoto similar el pasado 10 de agosto<\/strong>, tambi\u00e9n de magnitud 6,1, que dej\u00f3 un fallecido y medio centenar de heridos. Asimismo, el <strong data-start=\"1721\" data-end=\"1741\">28 de septiembre<\/strong>, un sismo de <strong data-start=\"1755\" data-end=\"1771\">magnitud 5,4<\/strong> sacudi\u00f3 la localidad de <strong data-start=\"1796\" data-end=\"1805\">Simav<\/strong>, en la provincia de K\u00fctahya, ubicada en la misma falla geol\u00f3gica.<\/p>\n<p data-start=\"1875\" data-end=\"2026\" data-is-last-node=\"\" data-is-only-node=\"\">Las autoridades turcas mantienen el monitoreo constante en la zona y recomiendan a la ciudadan\u00eda mantener la calma y seguir las indicaciones oficiales.<\/p>\n","protected":false},"excerpt":{"rendered":"<p>\u00a0Un terremoto de magnitud 6,1 se registr\u00f3 la noche de este lunes en el oeste de Turqu\u00eda, con epicentro en el municipio de Sindirgi, provincia de Balikesir, seg\u00fan inform\u00f3 la Autoridad de Gesti\u00f3n de Desastres y Emergencias (AFAD). El movimiento tel\u00farico se produjo a las 22:48 hora local, a una profundidad aproximada de seis kil\u00f3metros. [&hellip;]<\/p>\n","protected":false},"author":1,"featured_media":16793,"comment_status":"open","ping_status":"open","sticky":false,"template":"","format":"standard","meta":{"footnotes":""},"categories":[8],"tags":[],"_links":{"self":[{"href":"https:\/\/infozamoraec.com\/index.php\/wp-json\/wp\/v2\/posts\/16792"}],"collection":[{"href":"https:\/\/infozamoraec.com\/index.php\/wp-json\/wp\/v2\/posts"}],"about":[{"href":"https:\/\/infozamoraec.com\/index.php\/wp-json\/wp\/v2\/types\/post"}],"author":[{"embeddable":true,"href":"https:\/\/infozamoraec.com\/index.php\/wp-json\/wp\/v2\/users\/1"}],"replies":[{"embeddable":true,"href":"https:\/\/infozamoraec.com\/index.php\/wp-json\/wp\/v2\/comments?post=16792"}],"version-history":[{"count":1,"href":"https:\/\/infozamoraec.com\/index.php\/wp-json\/wp\/v2\/posts\/16792\/revisions"}],"predecessor-version":[{"id":16794,"href":"https:\/\/infozamoraec.com\/index.php\/wp-json\/wp\/v2\/posts\/16792\/revisions\/16794"}],"wp:featuredmedia":[{"embeddable":true,"href":"https:\/\/infozamoraec.com\/index.php\/wp-json\/wp\/v2\/media\/16793"}],"wp:attachment":[{"href":"https:\/\/infozamoraec.com\/index.php\/wp-json\/wp\/v2\/media?parent=16792"}],"wp:term":[{"taxonomy":"category","embeddable":true,"href":"https:\/\/infozamoraec.com\/index.php\/wp-json\/wp\/v2\/categories?post=16792"},{"taxonomy":"post_tag","embeddable":true,"href":"https:\/\/infozamoraec.com\/index.php\/wp-json\/wp\/v2\/tags?post=16792"}],"curies":[{"name":"wp","href":"https:\/\/api.w.org\/{rel}","templated":true}]}}